{"id":9363,"date":"2025-11-03T11:08:33","date_gmt":"2025-11-03T11:08:33","guid":{"rendered":"http:\/\/ilan.tavsanli.bel.tr\/?p=9363"},"modified":"2025-11-03T11:08:33","modified_gmt":"2025-11-03T11:08:33","slug":"9363","status":"publish","type":"post","link":"http:\/\/ilan.tavsanli.bel.tr\/index.php\/2025\/11\/03\/9363\/","title":{"rendered":""},"content":{"rendered":"<p><b><strong class=\"x1s688f\">Ali \u00d6zkul\u2019un e\u015fi, Ali ve Canip Alt\u0131nkaya\u2019n\u0131n ablas\u0131, Feriha \u00d6zkul ve Saadet Alt\u0131n\u2019\u0131n anneleri, UMUHAN \u00d6ZKUL vefat etmi\u015ftir. Cenazesi ulucamide k\u0131l\u0131nacak ikindi namaz\u0131n\u0131 m\u00fcteakip yeni yaylac\u0131k mezarl\u0131\u011f\u0131na defnedilecektir. Merhumeye Allah\u2019tan rahmet ailesine ve yak\u0131nlar\u0131na ba\u015fsa\u011fl\u0131\u011f\u0131 dileriz.<\/strong><\/b><\/p>\n","protected":false},"excerpt":{"rendered":"<p>Ali \u00d6zkul\u2019un e\u015fi, Ali ve Canip Alt\u0131nkaya\u2019n\u0131n ablas\u0131, Feriha \u00d6zkul ve Saadet Alt\u0131n\u2019\u0131n anneleri, UMUHAN \u00d6ZKUL vefat etmi\u015ftir. Cenazesi ulucamide k\u0131l\u0131nacak ikindi namaz\u0131n\u0131 m\u00fcteakip yeni yaylac\u0131k mezarl\u0131\u011f\u0131na defnedilecektir. Merhumeye Allah\u2019tan rahmet ailesine ve yak\u0131nlar\u0131na ba\u015fsa\u011fl\u0131\u011f\u0131 dileriz.<\/p>\n","protected":false},"author":7,"featured_media":0,"comment_status":"closed","ping_status":"closed","sticky":false,"template":"","format":"standard","meta":[],"categories":[2],"tags":[],"_links":{"self":[{"href":"http:\/\/ilan.tavsanli.bel.tr\/index.php\/wp-json\/wp\/v2\/posts\/9363"}],"collection":[{"href":"http:\/\/ilan.tavsanli.bel.tr\/index.php\/wp-json\/wp\/v2\/posts"}],"about":[{"href":"http:\/\/ilan.tavsanli.bel.tr\/index.php\/wp-json\/wp\/v2\/types\/post"}],"author":[{"embeddable":true,"href":"http:\/\/ilan.tavsanli.bel.tr\/index.php\/wp-json\/wp\/v2\/users\/7"}],"replies":[{"embeddable":true,"href":"http:\/\/ilan.tavsanli.bel.tr\/index.php\/wp-json\/wp\/v2\/comments?post=9363"}],"version-history":[{"count":1,"href":"http:\/\/ilan.tavsanli.bel.tr\/index.php\/wp-json\/wp\/v2\/posts\/9363\/revisions"}],"predecessor-version":[{"id":9364,"href":"http:\/\/ilan.tavsanli.bel.tr\/index.php\/wp-json\/wp\/v2\/posts\/9363\/revisions\/9364"}],"wp:attachment":[{"href":"http:\/\/ilan.tavsanli.bel.tr\/index.php\/wp-json\/wp\/v2\/media?parent=9363"}],"wp:term":[{"taxonomy":"category","embeddable":true,"href":"http:\/\/ilan.tavsanli.bel.tr\/index.php\/wp-json\/wp\/v2\/categories?post=9363"},{"taxonomy":"post_tag","embeddable":true,"href":"http:\/\/ilan.tavsanli.bel.tr\/index.php\/wp-json\/wp\/v2\/tags?post=9363"}],"curies":[{"name":"wp","href":"https:\/\/api.w.org\/{rel}","templated":true}]}}