{"id":9325,"date":"2025-10-28T08:14:05","date_gmt":"2025-10-28T08:14:05","guid":{"rendered":"http:\/\/ilan.tavsanli.bel.tr\/?p=9325"},"modified":"2025-10-28T08:14:05","modified_gmt":"2025-10-28T08:14:05","slug":"9325","status":"publish","type":"post","link":"http:\/\/ilan.tavsanli.bel.tr\/index.php\/2025\/10\/28\/9325\/","title":{"rendered":""},"content":{"rendered":"<p><strong>Domani\u00e7 karamanlar k\u00f6y\u00fcnden merhum Ahmet \u00c7ak\u0131r\u2019\u0131n o\u011flu, Mustafa, \u015eemsettin, Nail, Turan ve \u0130smail \u00c7ak\u0131r\u2019\u0131n karde\u015fi, da\u011f\u00e7e\u015fme mahallesi esnaflar\u0131ndan Ramazan \u00d6zdemir\u2019in kay\u0131nbiladeri, Kadriye, Melek, Edanur ve Muhammet Ya\u011f\u0131z \u00c7ak\u0131r\u2019\u0131n babalar\u0131, MEHMET \u00c7AKIR vefat etmi\u015ftir. Cenazesi \u00f6\u011fle namaz\u0131n\u0131 m\u00fcteakip domani\u00e7 karamanlar k\u00f6y\u00fc mezarl\u0131\u011f\u0131na defnedilecektir. Merhuma Allah\u2019tan rahmet ailesine ve yak\u0131nlar\u0131na ba\u015fsa\u011fl\u0131\u011f\u0131 dileriz.<\/strong><\/p>\n","protected":false},"excerpt":{"rendered":"<p>Domani\u00e7 karamanlar k\u00f6y\u00fcnden merhum Ahmet \u00c7ak\u0131r\u2019\u0131n o\u011flu, Mustafa, \u015eemsettin, Nail, Turan ve \u0130smail \u00c7ak\u0131r\u2019\u0131n karde\u015fi, da\u011f\u00e7e\u015fme mahallesi esnaflar\u0131ndan Ramazan \u00d6zdemir\u2019in kay\u0131nbiladeri, Kadriye, Melek, Edanur ve Muhammet Ya\u011f\u0131z \u00c7ak\u0131r\u2019\u0131n babalar\u0131, MEHMET \u00c7AKIR vefat etmi\u015ftir. Cenazesi \u00f6\u011fle namaz\u0131n\u0131 m\u00fcteakip domani\u00e7 karamanlar k\u00f6y\u00fc mezarl\u0131\u011f\u0131na defnedilecektir. Merhuma Allah\u2019tan rahmet ailesine ve yak\u0131nlar\u0131na ba\u015fsa\u011fl\u0131\u011f\u0131 dileriz.<\/p>\n","protected":false},"author":7,"featured_media":0,"comment_status":"closed","ping_status":"closed","sticky":false,"template":"","format":"standard","meta":[],"categories":[2],"tags":[],"_links":{"self":[{"href":"http:\/\/ilan.tavsanli.bel.tr\/index.php\/wp-json\/wp\/v2\/posts\/9325"}],"collection":[{"href":"http:\/\/ilan.tavsanli.bel.tr\/index.php\/wp-json\/wp\/v2\/posts"}],"about":[{"href":"http:\/\/ilan.tavsanli.bel.tr\/index.php\/wp-json\/wp\/v2\/types\/post"}],"author":[{"embeddable":true,"href":"http:\/\/ilan.tavsanli.bel.tr\/index.php\/wp-json\/wp\/v2\/users\/7"}],"replies":[{"embeddable":true,"href":"http:\/\/ilan.tavsanli.bel.tr\/index.php\/wp-json\/wp\/v2\/comments?post=9325"}],"version-history":[{"count":1,"href":"http:\/\/ilan.tavsanli.bel.tr\/index.php\/wp-json\/wp\/v2\/posts\/9325\/revisions"}],"predecessor-version":[{"id":9326,"href":"http:\/\/ilan.tavsanli.bel.tr\/index.php\/wp-json\/wp\/v2\/posts\/9325\/revisions\/9326"}],"wp:attachment":[{"href":"http:\/\/ilan.tavsanli.bel.tr\/index.php\/wp-json\/wp\/v2\/media?parent=9325"}],"wp:term":[{"taxonomy":"category","embeddable":true,"href":"http:\/\/ilan.tavsanli.bel.tr\/index.php\/wp-json\/wp\/v2\/categories?post=9325"},{"taxonomy":"post_tag","embeddable":true,"href":"http:\/\/ilan.tavsanli.bel.tr\/index.php\/wp-json\/wp\/v2\/tags?post=9325"}],"curies":[{"name":"wp","href":"https:\/\/api.w.org\/{rel}","templated":true}]}}