{"id":9297,"date":"2025-10-21T08:24:52","date_gmt":"2025-10-21T08:24:52","guid":{"rendered":"http:\/\/ilan.tavsanli.bel.tr\/?p=9297"},"modified":"2025-10-21T08:24:52","modified_gmt":"2025-10-21T08:24:52","slug":"9297","status":"publish","type":"post","link":"http:\/\/ilan.tavsanli.bel.tr\/index.php\/2025\/10\/21\/9297\/","title":{"rendered":""},"content":{"rendered":"<p><b><strong class=\"x1s688f\">D.D.Y emeklisi merhum \u00dcftade G\u00f6k\u00e7e\u2019nin e\u015fi, K\u00fctahya afad \u00e7al\u0131\u015fanlar\u0131ndan Mehmet G\u00f6k\u00e7e, terzi Hasibe Meri\u00e7 ve merhum Hasan H\u00fcseyin G\u00f6k\u00e7e\u2019nin anneleri, HAL\u0130ME G\u00d6K\u00c7E vefat etmi\u015ftir. Cenazesi ulucamide k\u0131l\u0131nacak \u00f6\u011fle namaz\u0131n\u0131 m\u00fcteakip alik\u00f6y mezarl\u0131\u011f\u0131na defnedilecektir. Merhumeye Allah\u2019tan rahmet ailesine ve sevenlerine ba\u015fsa\u011fl\u0131\u011f\u0131 dileriz.<\/strong><\/b><\/p>\n","protected":false},"excerpt":{"rendered":"<p>D.D.Y emeklisi merhum \u00dcftade G\u00f6k\u00e7e\u2019nin e\u015fi, K\u00fctahya afad \u00e7al\u0131\u015fanlar\u0131ndan Mehmet G\u00f6k\u00e7e, terzi Hasibe Meri\u00e7 ve merhum Hasan H\u00fcseyin G\u00f6k\u00e7e\u2019nin anneleri, HAL\u0130ME G\u00d6K\u00c7E vefat etmi\u015ftir. Cenazesi ulucamide k\u0131l\u0131nacak \u00f6\u011fle namaz\u0131n\u0131 m\u00fcteakip alik\u00f6y mezarl\u0131\u011f\u0131na defnedilecektir. Merhumeye Allah\u2019tan rahmet ailesine ve sevenlerine ba\u015fsa\u011fl\u0131\u011f\u0131 dileriz.<\/p>\n","protected":false},"author":7,"featured_media":0,"comment_status":"closed","ping_status":"closed","sticky":false,"template":"","format":"standard","meta":[],"categories":[2],"tags":[],"_links":{"self":[{"href":"http:\/\/ilan.tavsanli.bel.tr\/index.php\/wp-json\/wp\/v2\/posts\/9297"}],"collection":[{"href":"http:\/\/ilan.tavsanli.bel.tr\/index.php\/wp-json\/wp\/v2\/posts"}],"about":[{"href":"http:\/\/ilan.tavsanli.bel.tr\/index.php\/wp-json\/wp\/v2\/types\/post"}],"author":[{"embeddable":true,"href":"http:\/\/ilan.tavsanli.bel.tr\/index.php\/wp-json\/wp\/v2\/users\/7"}],"replies":[{"embeddable":true,"href":"http:\/\/ilan.tavsanli.bel.tr\/index.php\/wp-json\/wp\/v2\/comments?post=9297"}],"version-history":[{"count":1,"href":"http:\/\/ilan.tavsanli.bel.tr\/index.php\/wp-json\/wp\/v2\/posts\/9297\/revisions"}],"predecessor-version":[{"id":9298,"href":"http:\/\/ilan.tavsanli.bel.tr\/index.php\/wp-json\/wp\/v2\/posts\/9297\/revisions\/9298"}],"wp:attachment":[{"href":"http:\/\/ilan.tavsanli.bel.tr\/index.php\/wp-json\/wp\/v2\/media?parent=9297"}],"wp:term":[{"taxonomy":"category","embeddable":true,"href":"http:\/\/ilan.tavsanli.bel.tr\/index.php\/wp-json\/wp\/v2\/categories?post=9297"},{"taxonomy":"post_tag","embeddable":true,"href":"http:\/\/ilan.tavsanli.bel.tr\/index.php\/wp-json\/wp\/v2\/tags?post=9297"}],"curies":[{"name":"wp","href":"https:\/\/api.w.org\/{rel}","templated":true}]}}