{"id":9114,"date":"2025-09-06T11:19:31","date_gmt":"2025-09-06T11:19:31","guid":{"rendered":"http:\/\/ilan.tavsanli.bel.tr\/?p=9114"},"modified":"2025-09-06T11:19:31","modified_gmt":"2025-09-06T11:19:31","slug":"9114","status":"publish","type":"post","link":"http:\/\/ilan.tavsanli.bel.tr\/index.php\/2025\/09\/06\/9114\/","title":{"rendered":""},"content":{"rendered":"<p>Merhum Emin Ekmek\u00e7i&#8217;nin e\u015fi, H\u00fcseyin, Mehmet, Y\u0131lmaz, merhum Ya\u015far ve merhum Ali Ekmek\u00e7i&#8217;nin anneleri, merhum Ferit Akyol&#8217;un karde\u015fi, Mustafa \u00d6rencik&#8217;in kay\u0131nvalidesi FER\u0130DE EKMEK\u00c7\u0130 vefat etmi\u015ftir. Cenazesi ulucamide k\u0131l\u0131nacak ikindi namaz\u0131n\u0131 m\u00fcteakip tav\u015fanl\u0131 mezarl\u0131\u011f\u0131na defnedilecektir. Merhuma Allah&#8217;tan rahmet ailesine ve yak\u0131nlar\u0131na ba\u015fsa\u011fl\u0131\u011f\u0131 dileriz.<\/p>\n","protected":false},"excerpt":{"rendered":"<p>Merhum Emin Ekmek\u00e7i&#8217;nin e\u015fi, H\u00fcseyin, Mehmet, Y\u0131lmaz, merhum Ya\u015far ve merhum Ali Ekmek\u00e7i&#8217;nin anneleri, merhum Ferit Akyol&#8217;un karde\u015fi, Mustafa \u00d6rencik&#8217;in kay\u0131nvalidesi FER\u0130DE EKMEK\u00c7\u0130 vefat etmi\u015ftir. Cenazesi ulucamide k\u0131l\u0131nacak ikindi namaz\u0131n\u0131 m\u00fcteakip tav\u015fanl\u0131 mezarl\u0131\u011f\u0131na defnedilecektir. Merhuma Allah&#8217;tan rahmet ailesine ve yak\u0131nlar\u0131na ba\u015fsa\u011fl\u0131\u011f\u0131 dileriz.<\/p>\n","protected":false},"author":7,"featured_media":0,"comment_status":"closed","ping_status":"closed","sticky":false,"template":"","format":"standard","meta":[],"categories":[2],"tags":[],"_links":{"self":[{"href":"http:\/\/ilan.tavsanli.bel.tr\/index.php\/wp-json\/wp\/v2\/posts\/9114"}],"collection":[{"href":"http:\/\/ilan.tavsanli.bel.tr\/index.php\/wp-json\/wp\/v2\/posts"}],"about":[{"href":"http:\/\/ilan.tavsanli.bel.tr\/index.php\/wp-json\/wp\/v2\/types\/post"}],"author":[{"embeddable":true,"href":"http:\/\/ilan.tavsanli.bel.tr\/index.php\/wp-json\/wp\/v2\/users\/7"}],"replies":[{"embeddable":true,"href":"http:\/\/ilan.tavsanli.bel.tr\/index.php\/wp-json\/wp\/v2\/comments?post=9114"}],"version-history":[{"count":1,"href":"http:\/\/ilan.tavsanli.bel.tr\/index.php\/wp-json\/wp\/v2\/posts\/9114\/revisions"}],"predecessor-version":[{"id":9115,"href":"http:\/\/ilan.tavsanli.bel.tr\/index.php\/wp-json\/wp\/v2\/posts\/9114\/revisions\/9115"}],"wp:attachment":[{"href":"http:\/\/ilan.tavsanli.bel.tr\/index.php\/wp-json\/wp\/v2\/media?parent=9114"}],"wp:term":[{"taxonomy":"category","embeddable":true,"href":"http:\/\/ilan.tavsanli.bel.tr\/index.php\/wp-json\/wp\/v2\/categories?post=9114"},{"taxonomy":"post_tag","embeddable":true,"href":"http:\/\/ilan.tavsanli.bel.tr\/index.php\/wp-json\/wp\/v2\/tags?post=9114"}],"curies":[{"name":"wp","href":"https:\/\/api.w.org\/{rel}","templated":true}]}}