{"id":9020,"date":"2025-08-21T11:13:55","date_gmt":"2025-08-21T11:13:55","guid":{"rendered":"http:\/\/ilan.tavsanli.bel.tr\/?p=9020"},"modified":"2025-08-21T11:13:55","modified_gmt":"2025-08-21T11:13:55","slug":"9020","status":"publish","type":"post","link":"http:\/\/ilan.tavsanli.bel.tr\/index.php\/2025\/08\/21\/9020\/","title":{"rendered":""},"content":{"rendered":"<p><span data-offset-key=\"8d1fu-0-0\">\u00dc<\/span><span data-offset-key=\"8d1fu-1-0\">y\u00fcc\u00fck<\/span><span data-offset-key=\"8d1fu-2-0\"> k\u00f6y\u00fcnden Emine Akg\u00fcm\u00fc\u015f\u2019\u00fcn e\u015fi, Salih Akg\u00fcm\u00fc\u015f\u2019\u00fcn karde\u015fi, Hatice, Fatma ve G.L.\u0130 emekli i\u015f\u00e7ilerinden Erhan Akg\u00fcm\u00fc\u015f\u2019\u00fcn babalar\u0131, yurti\u00e7i kargo m\u00fcd\u00fcr\u00fc \u0130brahim Bozkurt\u2019un kay\u0131npederi, belediyemiz emekli i\u015f\u00e7ilerinden H\u00dcSN\u00dc AKG\u00dcM\u00dc\u015e vefat etmi\u015ftir. Cenazesi bereket camisinde k\u0131l\u0131nacak ikindi namaz\u0131n\u0131 m\u00fcteakip yeni yaylac\u0131k mezarl\u0131\u011f\u0131na defnedilecektir. Merhuma Allah\u2019tan rahmet ailesine ve yak\u0131nlar\u0131na ba\u015fsa\u011fl\u0131\u011f\u0131 dileriz.<\/span><\/p>\n","protected":false},"excerpt":{"rendered":"<p>\u00dcy\u00fcc\u00fck k\u00f6y\u00fcnden Emine Akg\u00fcm\u00fc\u015f\u2019\u00fcn e\u015fi, Salih Akg\u00fcm\u00fc\u015f\u2019\u00fcn karde\u015fi, Hatice, Fatma ve G.L.\u0130 emekli i\u015f\u00e7ilerinden Erhan Akg\u00fcm\u00fc\u015f\u2019\u00fcn babalar\u0131, yurti\u00e7i kargo m\u00fcd\u00fcr\u00fc \u0130brahim Bozkurt\u2019un kay\u0131npederi, belediyemiz emekli i\u015f\u00e7ilerinden H\u00dcSN\u00dc AKG\u00dcM\u00dc\u015e vefat etmi\u015ftir. Cenazesi bereket camisinde k\u0131l\u0131nacak ikindi namaz\u0131n\u0131 m\u00fcteakip yeni yaylac\u0131k mezarl\u0131\u011f\u0131na defnedilecektir. Merhuma Allah\u2019tan rahmet ailesine ve yak\u0131nlar\u0131na ba\u015fsa\u011fl\u0131\u011f\u0131 dileriz.<\/p>\n","protected":false},"author":7,"featured_media":0,"comment_status":"closed","ping_status":"closed","sticky":false,"template":"","format":"standard","meta":[],"categories":[2],"tags":[],"_links":{"self":[{"href":"http:\/\/ilan.tavsanli.bel.tr\/index.php\/wp-json\/wp\/v2\/posts\/9020"}],"collection":[{"href":"http:\/\/ilan.tavsanli.bel.tr\/index.php\/wp-json\/wp\/v2\/posts"}],"about":[{"href":"http:\/\/ilan.tavsanli.bel.tr\/index.php\/wp-json\/wp\/v2\/types\/post"}],"author":[{"embeddable":true,"href":"http:\/\/ilan.tavsanli.bel.tr\/index.php\/wp-json\/wp\/v2\/users\/7"}],"replies":[{"embeddable":true,"href":"http:\/\/ilan.tavsanli.bel.tr\/index.php\/wp-json\/wp\/v2\/comments?post=9020"}],"version-history":[{"count":1,"href":"http:\/\/ilan.tavsanli.bel.tr\/index.php\/wp-json\/wp\/v2\/posts\/9020\/revisions"}],"predecessor-version":[{"id":9021,"href":"http:\/\/ilan.tavsanli.bel.tr\/index.php\/wp-json\/wp\/v2\/posts\/9020\/revisions\/9021"}],"wp:attachment":[{"href":"http:\/\/ilan.tavsanli.bel.tr\/index.php\/wp-json\/wp\/v2\/media?parent=9020"}],"wp:term":[{"taxonomy":"category","embeddable":true,"href":"http:\/\/ilan.tavsanli.bel.tr\/index.php\/wp-json\/wp\/v2\/categories?post=9020"},{"taxonomy":"post_tag","embeddable":true,"href":"http:\/\/ilan.tavsanli.bel.tr\/index.php\/wp-json\/wp\/v2\/tags?post=9020"}],"curies":[{"name":"wp","href":"https:\/\/api.w.org\/{rel}","templated":true}]}}