{"id":9018,"date":"2025-08-21T11:13:40","date_gmt":"2025-08-21T11:13:40","guid":{"rendered":"http:\/\/ilan.tavsanli.bel.tr\/?p=9018"},"modified":"2025-08-21T11:13:40","modified_gmt":"2025-08-21T11:13:40","slug":"9018","status":"publish","type":"post","link":"http:\/\/ilan.tavsanli.bel.tr\/index.php\/2025\/08\/21\/9018\/","title":{"rendered":""},"content":{"rendered":"<p>Merhum \u0130brahim Altun\u2019un e\u015fi, han\u0131m\u00e7e\u015fme cami imam hatibi Harun, eti g\u00fcm\u00fc\u015f \u00e7al\u0131\u015fan\u0131 Tuncay, Nuriye ve \u0130smail Altun\u2019\u0131n anneleri, Ahmet Arslanalp\u2019in kay\u0131nvalidesi, SEN\u0130YE ALTUN vefat etmi\u015ftir. Cenazesi \u00e7ukurk\u00f6y merkez camisinde k\u0131l\u0131nacak ikindi namaz\u0131n\u0131 m\u00fcteakip \u00e7ukurk\u00f6y mahallesi mezarl\u0131\u011f\u0131na defnedilecektir. Merhumeye Allah\u2019tan rahmet ailesine ve yak\u0131nlar\u0131na ba\u015fsa\u011fl\u0131\u011f\u0131 dileriz.<\/p>\n","protected":false},"excerpt":{"rendered":"<p>Merhum \u0130brahim Altun\u2019un e\u015fi, han\u0131m\u00e7e\u015fme cami imam hatibi Harun, eti g\u00fcm\u00fc\u015f \u00e7al\u0131\u015fan\u0131 Tuncay, Nuriye ve \u0130smail Altun\u2019\u0131n anneleri, Ahmet Arslanalp\u2019in kay\u0131nvalidesi, SEN\u0130YE ALTUN vefat etmi\u015ftir. Cenazesi \u00e7ukurk\u00f6y merkez camisinde k\u0131l\u0131nacak ikindi namaz\u0131n\u0131 m\u00fcteakip \u00e7ukurk\u00f6y mahallesi mezarl\u0131\u011f\u0131na defnedilecektir. Merhumeye Allah\u2019tan rahmet ailesine ve yak\u0131nlar\u0131na ba\u015fsa\u011fl\u0131\u011f\u0131 dileriz.<\/p>\n","protected":false},"author":7,"featured_media":0,"comment_status":"closed","ping_status":"closed","sticky":false,"template":"","format":"standard","meta":[],"categories":[2],"tags":[],"_links":{"self":[{"href":"http:\/\/ilan.tavsanli.bel.tr\/index.php\/wp-json\/wp\/v2\/posts\/9018"}],"collection":[{"href":"http:\/\/ilan.tavsanli.bel.tr\/index.php\/wp-json\/wp\/v2\/posts"}],"about":[{"href":"http:\/\/ilan.tavsanli.bel.tr\/index.php\/wp-json\/wp\/v2\/types\/post"}],"author":[{"embeddable":true,"href":"http:\/\/ilan.tavsanli.bel.tr\/index.php\/wp-json\/wp\/v2\/users\/7"}],"replies":[{"embeddable":true,"href":"http:\/\/ilan.tavsanli.bel.tr\/index.php\/wp-json\/wp\/v2\/comments?post=9018"}],"version-history":[{"count":1,"href":"http:\/\/ilan.tavsanli.bel.tr\/index.php\/wp-json\/wp\/v2\/posts\/9018\/revisions"}],"predecessor-version":[{"id":9019,"href":"http:\/\/ilan.tavsanli.bel.tr\/index.php\/wp-json\/wp\/v2\/posts\/9018\/revisions\/9019"}],"wp:attachment":[{"href":"http:\/\/ilan.tavsanli.bel.tr\/index.php\/wp-json\/wp\/v2\/media?parent=9018"}],"wp:term":[{"taxonomy":"category","embeddable":true,"href":"http:\/\/ilan.tavsanli.bel.tr\/index.php\/wp-json\/wp\/v2\/categories?post=9018"},{"taxonomy":"post_tag","embeddable":true,"href":"http:\/\/ilan.tavsanli.bel.tr\/index.php\/wp-json\/wp\/v2\/tags?post=9018"}],"curies":[{"name":"wp","href":"https:\/\/api.w.org\/{rel}","templated":true}]}}