{"id":8993,"date":"2025-08-12T08:11:43","date_gmt":"2025-08-12T08:11:43","guid":{"rendered":"http:\/\/ilan.tavsanli.bel.tr\/?p=8993"},"modified":"2025-08-12T08:11:43","modified_gmt":"2025-08-12T08:11:43","slug":"8993","status":"publish","type":"post","link":"http:\/\/ilan.tavsanli.bel.tr\/index.php\/2025\/08\/12\/8993\/","title":{"rendered":""},"content":{"rendered":"<p><span data-offset-key=\"c4f7s-1-0\">Emet<\/span><span data-offset-key=\"c4f7s-2-0\"> uzun\u00e7am k\u00f6y\u00fcnden merhum hac\u0131 Ali G\u00fcne\u015f\u2019in o\u011flu, Emine G\u00fcne\u015f\u2019in e\u015fi, Ramazan G\u00fcne\u015f\u2019in damad\u0131, nursan kablo \u00e7al\u0131\u015fanlar\u0131ndan Ali ve Ramazan G\u00fcne\u015f\u2019in babalar\u0131, G.L.\u0130 emeklisi BAYRAM G\u00dcNE\u015e vefat etmi\u015ftir. Cenazesi suba\u015f\u0131 camisinde k\u0131l\u0131nacak \u00f6\u011fle namaz\u0131n\u0131 m\u00fcteakip yeni yaylac\u0131k mezarl\u0131\u011f\u0131na defnedilecektir. Merhuma Allah\u2019tan rahmet ailesine ve yak\u0131nlar\u0131na ba\u015fsa\u011fl\u0131\u011f\u0131 dileriz.<\/span><\/p>\n","protected":false},"excerpt":{"rendered":"<p>Emet uzun\u00e7am k\u00f6y\u00fcnden merhum hac\u0131 Ali G\u00fcne\u015f\u2019in o\u011flu, Emine G\u00fcne\u015f\u2019in e\u015fi, Ramazan G\u00fcne\u015f\u2019in damad\u0131, nursan kablo \u00e7al\u0131\u015fanlar\u0131ndan Ali ve Ramazan G\u00fcne\u015f\u2019in babalar\u0131, G.L.\u0130 emeklisi BAYRAM G\u00dcNE\u015e vefat etmi\u015ftir. Cenazesi suba\u015f\u0131 camisinde k\u0131l\u0131nacak \u00f6\u011fle namaz\u0131n\u0131 m\u00fcteakip yeni yaylac\u0131k mezarl\u0131\u011f\u0131na defnedilecektir. Merhuma Allah\u2019tan rahmet ailesine ve yak\u0131nlar\u0131na ba\u015fsa\u011fl\u0131\u011f\u0131 dileriz.<\/p>\n","protected":false},"author":7,"featured_media":0,"comment_status":"closed","ping_status":"closed","sticky":false,"template":"","format":"standard","meta":[],"categories":[2],"tags":[],"_links":{"self":[{"href":"http:\/\/ilan.tavsanli.bel.tr\/index.php\/wp-json\/wp\/v2\/posts\/8993"}],"collection":[{"href":"http:\/\/ilan.tavsanli.bel.tr\/index.php\/wp-json\/wp\/v2\/posts"}],"about":[{"href":"http:\/\/ilan.tavsanli.bel.tr\/index.php\/wp-json\/wp\/v2\/types\/post"}],"author":[{"embeddable":true,"href":"http:\/\/ilan.tavsanli.bel.tr\/index.php\/wp-json\/wp\/v2\/users\/7"}],"replies":[{"embeddable":true,"href":"http:\/\/ilan.tavsanli.bel.tr\/index.php\/wp-json\/wp\/v2\/comments?post=8993"}],"version-history":[{"count":1,"href":"http:\/\/ilan.tavsanli.bel.tr\/index.php\/wp-json\/wp\/v2\/posts\/8993\/revisions"}],"predecessor-version":[{"id":8994,"href":"http:\/\/ilan.tavsanli.bel.tr\/index.php\/wp-json\/wp\/v2\/posts\/8993\/revisions\/8994"}],"wp:attachment":[{"href":"http:\/\/ilan.tavsanli.bel.tr\/index.php\/wp-json\/wp\/v2\/media?parent=8993"}],"wp:term":[{"taxonomy":"category","embeddable":true,"href":"http:\/\/ilan.tavsanli.bel.tr\/index.php\/wp-json\/wp\/v2\/categories?post=8993"},{"taxonomy":"post_tag","embeddable":true,"href":"http:\/\/ilan.tavsanli.bel.tr\/index.php\/wp-json\/wp\/v2\/tags?post=8993"}],"curies":[{"name":"wp","href":"https:\/\/api.w.org\/{rel}","templated":true}]}}