{"id":8991,"date":"2025-08-12T08:11:21","date_gmt":"2025-08-12T08:11:21","guid":{"rendered":"http:\/\/ilan.tavsanli.bel.tr\/?p=8991"},"modified":"2025-08-12T08:11:21","modified_gmt":"2025-08-12T08:11:21","slug":"8991","status":"publish","type":"post","link":"http:\/\/ilan.tavsanli.bel.tr\/index.php\/2025\/08\/12\/8991\/","title":{"rendered":""},"content":{"rendered":"<p><span data-offset-key=\"ae9si-1-0\">Duda\u015f<\/span><span data-offset-key=\"ae9si-2-0\"> k\u00f6y\u00fcnden merhum Memi\u015f K\u0131l\u0131\u00e7\u2019\u0131n o\u011flu, Mehmet Say\u2019\u0131n damad\u0131, Fatma K\u0131l\u0131\u00e7\u2019\u0131n e\u015fi, Halil K\u0131l\u0131\u00e7 ve Emeti \u00c7etin\u2019in karde\u015fi, Hacer G\u00fcndo\u011fdu ve D.D.Y \u00e7al\u0131\u015fanlar\u0131ndan Memi\u015f K\u0131l\u0131\u00e7\u2019\u0131n babalar\u0131, G.L.\u0130 emekli ba\u015f\u00e7avu\u015flar\u0131ndan AR\u0130F KILI\u00c7 vefat etmi\u015ftir. Cenazesi suba\u015f\u0131 camisinde k\u0131l\u0131nacak \u00f6\u011fle namaz\u0131n\u0131 m\u00fcteakip yeni yaylac\u0131k mezarl\u0131\u011f\u0131na defnedilecektir. Merhuma Allah\u2019tan rahmet ailesine ve yak\u0131nlar\u0131na ba\u015fsa\u011fl\u0131\u011f\u0131 dileriz.<\/span><\/p>\n","protected":false},"excerpt":{"rendered":"<p>Duda\u015f k\u00f6y\u00fcnden merhum Memi\u015f K\u0131l\u0131\u00e7\u2019\u0131n o\u011flu, Mehmet Say\u2019\u0131n damad\u0131, Fatma K\u0131l\u0131\u00e7\u2019\u0131n e\u015fi, Halil K\u0131l\u0131\u00e7 ve Emeti \u00c7etin\u2019in karde\u015fi, Hacer G\u00fcndo\u011fdu ve D.D.Y \u00e7al\u0131\u015fanlar\u0131ndan Memi\u015f K\u0131l\u0131\u00e7\u2019\u0131n babalar\u0131, G.L.\u0130 emekli ba\u015f\u00e7avu\u015flar\u0131ndan AR\u0130F KILI\u00c7 vefat etmi\u015ftir. Cenazesi suba\u015f\u0131 camisinde k\u0131l\u0131nacak \u00f6\u011fle namaz\u0131n\u0131 m\u00fcteakip yeni yaylac\u0131k mezarl\u0131\u011f\u0131na defnedilecektir. Merhuma Allah\u2019tan rahmet ailesine ve yak\u0131nlar\u0131na ba\u015fsa\u011fl\u0131\u011f\u0131 dileriz.<\/p>\n","protected":false},"author":7,"featured_media":0,"comment_status":"closed","ping_status":"closed","sticky":false,"template":"","format":"standard","meta":[],"categories":[2],"tags":[],"_links":{"self":[{"href":"http:\/\/ilan.tavsanli.bel.tr\/index.php\/wp-json\/wp\/v2\/posts\/8991"}],"collection":[{"href":"http:\/\/ilan.tavsanli.bel.tr\/index.php\/wp-json\/wp\/v2\/posts"}],"about":[{"href":"http:\/\/ilan.tavsanli.bel.tr\/index.php\/wp-json\/wp\/v2\/types\/post"}],"author":[{"embeddable":true,"href":"http:\/\/ilan.tavsanli.bel.tr\/index.php\/wp-json\/wp\/v2\/users\/7"}],"replies":[{"embeddable":true,"href":"http:\/\/ilan.tavsanli.bel.tr\/index.php\/wp-json\/wp\/v2\/comments?post=8991"}],"version-history":[{"count":1,"href":"http:\/\/ilan.tavsanli.bel.tr\/index.php\/wp-json\/wp\/v2\/posts\/8991\/revisions"}],"predecessor-version":[{"id":8992,"href":"http:\/\/ilan.tavsanli.bel.tr\/index.php\/wp-json\/wp\/v2\/posts\/8991\/revisions\/8992"}],"wp:attachment":[{"href":"http:\/\/ilan.tavsanli.bel.tr\/index.php\/wp-json\/wp\/v2\/media?parent=8991"}],"wp:term":[{"taxonomy":"category","embeddable":true,"href":"http:\/\/ilan.tavsanli.bel.tr\/index.php\/wp-json\/wp\/v2\/categories?post=8991"},{"taxonomy":"post_tag","embeddable":true,"href":"http:\/\/ilan.tavsanli.bel.tr\/index.php\/wp-json\/wp\/v2\/tags?post=8991"}],"curies":[{"name":"wp","href":"https:\/\/api.w.org\/{rel}","templated":true}]}}