{"id":8987,"date":"2025-08-11T11:03:13","date_gmt":"2025-08-11T11:03:13","guid":{"rendered":"http:\/\/ilan.tavsanli.bel.tr\/?p=8987"},"modified":"2025-08-11T11:03:13","modified_gmt":"2025-08-11T11:03:13","slug":"8987","status":"publish","type":"post","link":"http:\/\/ilan.tavsanli.bel.tr\/index.php\/2025\/08\/11\/8987\/","title":{"rendered":""},"content":{"rendered":"<p>Teslime Cengizgil\u2019in e\u015fi, Canan, Halime, Cihan ve \u0130smail Cengizgil\u2019in babalar\u0131, Ali \u0130hsan Y\u0131ld\u0131r\u0131m, Hatice Cengizgil ve Halit Ba\u015f\u2019\u0131n kay\u0131npederi, eski belediye ba\u015fkanlar\u0131m\u0131zdan MEHMET AL\u0130 CENG\u0130ZG\u0130L vefat etmi\u015ftir. Cenazesi ulucamide k\u0131l\u0131nacak ikindi namaz\u0131n\u0131 m\u00fcteakip tav\u015fanl\u0131 mezarl\u0131\u011f\u0131na defnedilecektir. Merhuma Allah\u2019tan rahmet ailesine ve yak\u0131nlar\u0131na ba\u015fsa\u011fl\u0131\u011f\u0131 dileriz.<\/p>\n","protected":false},"excerpt":{"rendered":"<p>Teslime Cengizgil\u2019in e\u015fi, Canan, Halime, Cihan ve \u0130smail Cengizgil\u2019in babalar\u0131, Ali \u0130hsan Y\u0131ld\u0131r\u0131m, Hatice Cengizgil ve Halit Ba\u015f\u2019\u0131n kay\u0131npederi, eski belediye ba\u015fkanlar\u0131m\u0131zdan MEHMET AL\u0130 CENG\u0130ZG\u0130L vefat etmi\u015ftir. Cenazesi ulucamide k\u0131l\u0131nacak ikindi namaz\u0131n\u0131 m\u00fcteakip tav\u015fanl\u0131 mezarl\u0131\u011f\u0131na defnedilecektir. Merhuma Allah\u2019tan rahmet ailesine ve yak\u0131nlar\u0131na ba\u015fsa\u011fl\u0131\u011f\u0131 dileriz.<\/p>\n","protected":false},"author":7,"featured_media":0,"comment_status":"closed","ping_status":"closed","sticky":false,"template":"","format":"standard","meta":[],"categories":[2],"tags":[],"_links":{"self":[{"href":"http:\/\/ilan.tavsanli.bel.tr\/index.php\/wp-json\/wp\/v2\/posts\/8987"}],"collection":[{"href":"http:\/\/ilan.tavsanli.bel.tr\/index.php\/wp-json\/wp\/v2\/posts"}],"about":[{"href":"http:\/\/ilan.tavsanli.bel.tr\/index.php\/wp-json\/wp\/v2\/types\/post"}],"author":[{"embeddable":true,"href":"http:\/\/ilan.tavsanli.bel.tr\/index.php\/wp-json\/wp\/v2\/users\/7"}],"replies":[{"embeddable":true,"href":"http:\/\/ilan.tavsanli.bel.tr\/index.php\/wp-json\/wp\/v2\/comments?post=8987"}],"version-history":[{"count":1,"href":"http:\/\/ilan.tavsanli.bel.tr\/index.php\/wp-json\/wp\/v2\/posts\/8987\/revisions"}],"predecessor-version":[{"id":8988,"href":"http:\/\/ilan.tavsanli.bel.tr\/index.php\/wp-json\/wp\/v2\/posts\/8987\/revisions\/8988"}],"wp:attachment":[{"href":"http:\/\/ilan.tavsanli.bel.tr\/index.php\/wp-json\/wp\/v2\/media?parent=8987"}],"wp:term":[{"taxonomy":"category","embeddable":true,"href":"http:\/\/ilan.tavsanli.bel.tr\/index.php\/wp-json\/wp\/v2\/categories?post=8987"},{"taxonomy":"post_tag","embeddable":true,"href":"http:\/\/ilan.tavsanli.bel.tr\/index.php\/wp-json\/wp\/v2\/tags?post=8987"}],"curies":[{"name":"wp","href":"https:\/\/api.w.org\/{rel}","templated":true}]}}