{"id":8983,"date":"2025-08-09T08:20:53","date_gmt":"2025-08-09T08:20:53","guid":{"rendered":"http:\/\/ilan.tavsanli.bel.tr\/?p=8983"},"modified":"2025-08-09T08:20:53","modified_gmt":"2025-08-09T08:20:53","slug":"8983","status":"publish","type":"post","link":"http:\/\/ilan.tavsanli.bel.tr\/index.php\/2025\/08\/09\/8983\/","title":{"rendered":""},"content":{"rendered":"<p>Domani\u00e7 saruhanl\u0131 moymul mahallesinden merhum Fevzi Altay&#8217;\u0131n o\u011flu, Mehmet Altay&#8217;\u0131n babas\u0131, Mustafa Altay&#8217;\u0131n abisi, Kemal Sat\u0131k&#8217;\u0131n kay\u0131npederi, merhum b\u00f6rek\u00e7i Mehmet Sat\u0131k&#8217;\u0131n damad\u0131, RECEP ALTAY vefat etmi\u015ftir. Cenazesi moymul yukar\u0131 camide k\u0131l\u0131nacak \u00f6\u011fle namaz\u0131n\u0131 m\u00fcteakip moymul mahallesi mezarl\u0131\u011f\u0131na defnedilecektir. Merhuma Allah&#8217;tan rahmet ailesine ve yak\u0131nlar\u0131na ba\u015fsa\u011fl\u0131\u011f\u0131 dileriz.<\/p>\n","protected":false},"excerpt":{"rendered":"<p>Domani\u00e7 saruhanl\u0131 moymul mahallesinden merhum Fevzi Altay&#8217;\u0131n o\u011flu, Mehmet Altay&#8217;\u0131n babas\u0131, Mustafa Altay&#8217;\u0131n abisi, Kemal Sat\u0131k&#8217;\u0131n kay\u0131npederi, merhum b\u00f6rek\u00e7i Mehmet Sat\u0131k&#8217;\u0131n damad\u0131, RECEP ALTAY vefat etmi\u015ftir. Cenazesi moymul yukar\u0131 camide k\u0131l\u0131nacak \u00f6\u011fle namaz\u0131n\u0131 m\u00fcteakip moymul mahallesi mezarl\u0131\u011f\u0131na defnedilecektir. Merhuma Allah&#8217;tan rahmet ailesine ve yak\u0131nlar\u0131na ba\u015fsa\u011fl\u0131\u011f\u0131 dileriz.<\/p>\n","protected":false},"author":7,"featured_media":0,"comment_status":"closed","ping_status":"closed","sticky":false,"template":"","format":"standard","meta":[],"categories":[2],"tags":[],"_links":{"self":[{"href":"http:\/\/ilan.tavsanli.bel.tr\/index.php\/wp-json\/wp\/v2\/posts\/8983"}],"collection":[{"href":"http:\/\/ilan.tavsanli.bel.tr\/index.php\/wp-json\/wp\/v2\/posts"}],"about":[{"href":"http:\/\/ilan.tavsanli.bel.tr\/index.php\/wp-json\/wp\/v2\/types\/post"}],"author":[{"embeddable":true,"href":"http:\/\/ilan.tavsanli.bel.tr\/index.php\/wp-json\/wp\/v2\/users\/7"}],"replies":[{"embeddable":true,"href":"http:\/\/ilan.tavsanli.bel.tr\/index.php\/wp-json\/wp\/v2\/comments?post=8983"}],"version-history":[{"count":1,"href":"http:\/\/ilan.tavsanli.bel.tr\/index.php\/wp-json\/wp\/v2\/posts\/8983\/revisions"}],"predecessor-version":[{"id":8984,"href":"http:\/\/ilan.tavsanli.bel.tr\/index.php\/wp-json\/wp\/v2\/posts\/8983\/revisions\/8984"}],"wp:attachment":[{"href":"http:\/\/ilan.tavsanli.bel.tr\/index.php\/wp-json\/wp\/v2\/media?parent=8983"}],"wp:term":[{"taxonomy":"category","embeddable":true,"href":"http:\/\/ilan.tavsanli.bel.tr\/index.php\/wp-json\/wp\/v2\/categories?post=8983"},{"taxonomy":"post_tag","embeddable":true,"href":"http:\/\/ilan.tavsanli.bel.tr\/index.php\/wp-json\/wp\/v2\/tags?post=8983"}],"curies":[{"name":"wp","href":"https:\/\/api.w.org\/{rel}","templated":true}]}}