{"id":8978,"date":"2025-08-08T08:14:48","date_gmt":"2025-08-08T08:14:48","guid":{"rendered":"http:\/\/ilan.tavsanli.bel.tr\/?p=8978"},"modified":"2025-08-08T08:14:48","modified_gmt":"2025-08-08T08:14:48","slug":"8978","status":"publish","type":"post","link":"http:\/\/ilan.tavsanli.bel.tr\/index.php\/2025\/08\/08\/8978\/","title":{"rendered":""},"content":{"rendered":"<p><span data-offset-key=\"cs4qb-0-0\">\u00c7<\/span><span data-offset-key=\"cs4qb-1-0\">ukurk\u00f6y<\/span><span data-offset-key=\"cs4qb-2-0\"> mahallesinden Mustafa ve Halil \u0130brahim Erdem\u2019in babalar\u0131, R\u0131dvan, Ali Kemal ve Mustafa Kemal Erdem\u2019in b\u00fcy\u00fckbabas\u0131, hac\u0131 AL\u0130 ERDEM vefat etmi\u015ftir. Cenazesi \u00e7ukurk\u00f6y merkez camisinde k\u0131l\u0131nacak cuma namaz\u0131n\u0131 m\u00fcteakip \u00e7ukurk\u00f6y mahallesi mezarl\u0131\u011f\u0131na defnedilecektir. Merhuma Allah&#8217;tan rahmet ailesine ve yak\u0131nlar\u0131na ba\u015fsa\u011fl\u0131\u011f\u0131 dileriz.<\/span><\/p>\n","protected":false},"excerpt":{"rendered":"<p>\u00c7ukurk\u00f6y mahallesinden Mustafa ve Halil \u0130brahim Erdem\u2019in babalar\u0131, R\u0131dvan, Ali Kemal ve Mustafa Kemal Erdem\u2019in b\u00fcy\u00fckbabas\u0131, hac\u0131 AL\u0130 ERDEM vefat etmi\u015ftir. Cenazesi \u00e7ukurk\u00f6y merkez camisinde k\u0131l\u0131nacak cuma namaz\u0131n\u0131 m\u00fcteakip \u00e7ukurk\u00f6y mahallesi mezarl\u0131\u011f\u0131na defnedilecektir. Merhuma Allah&#8217;tan rahmet ailesine ve yak\u0131nlar\u0131na ba\u015fsa\u011fl\u0131\u011f\u0131 dileriz.<\/p>\n","protected":false},"author":7,"featured_media":0,"comment_status":"closed","ping_status":"closed","sticky":false,"template":"","format":"standard","meta":[],"categories":[2],"tags":[],"_links":{"self":[{"href":"http:\/\/ilan.tavsanli.bel.tr\/index.php\/wp-json\/wp\/v2\/posts\/8978"}],"collection":[{"href":"http:\/\/ilan.tavsanli.bel.tr\/index.php\/wp-json\/wp\/v2\/posts"}],"about":[{"href":"http:\/\/ilan.tavsanli.bel.tr\/index.php\/wp-json\/wp\/v2\/types\/post"}],"author":[{"embeddable":true,"href":"http:\/\/ilan.tavsanli.bel.tr\/index.php\/wp-json\/wp\/v2\/users\/7"}],"replies":[{"embeddable":true,"href":"http:\/\/ilan.tavsanli.bel.tr\/index.php\/wp-json\/wp\/v2\/comments?post=8978"}],"version-history":[{"count":1,"href":"http:\/\/ilan.tavsanli.bel.tr\/index.php\/wp-json\/wp\/v2\/posts\/8978\/revisions"}],"predecessor-version":[{"id":8979,"href":"http:\/\/ilan.tavsanli.bel.tr\/index.php\/wp-json\/wp\/v2\/posts\/8978\/revisions\/8979"}],"wp:attachment":[{"href":"http:\/\/ilan.tavsanli.bel.tr\/index.php\/wp-json\/wp\/v2\/media?parent=8978"}],"wp:term":[{"taxonomy":"category","embeddable":true,"href":"http:\/\/ilan.tavsanli.bel.tr\/index.php\/wp-json\/wp\/v2\/categories?post=8978"},{"taxonomy":"post_tag","embeddable":true,"href":"http:\/\/ilan.tavsanli.bel.tr\/index.php\/wp-json\/wp\/v2\/tags?post=8978"}],"curies":[{"name":"wp","href":"https:\/\/api.w.org\/{rel}","templated":true}]}}