{"id":8972,"date":"2025-08-06T11:09:26","date_gmt":"2025-08-06T11:09:26","guid":{"rendered":"http:\/\/ilan.tavsanli.bel.tr\/?p=8972"},"modified":"2025-08-06T11:09:26","modified_gmt":"2025-08-06T11:09:26","slug":"8972","status":"publish","type":"post","link":"http:\/\/ilan.tavsanli.bel.tr\/index.php\/2025\/08\/06\/8972\/","title":{"rendered":""},"content":{"rendered":"<p>Bal\u0131k\u00f6y d\u00fcmrekulu k\u00f6y\u00fcnden H\u00fcsniye Ba\u015f\u0131kara\u2019n\u0131n e\u015fi, Ali ve R\u0131dvan Ba\u015f\u0131kara\u2019n\u0131n babalar\u0131 S\u00fcleyman Ayan ve H\u00fcseyin Ba\u015f\u0131kara\u2019n\u0131n kay\u0131npederi, Almanya\u2019dan emekli H\u00dcSEY\u0130N BA\u015eIKARA vefat etmi\u015ftir. Cenazesi ikindi namaz\u0131n\u0131 m\u00fcteakip bal\u0131k\u00f6y d\u00fcmrekulu k\u00f6y\u00fc mezarl\u0131\u011f\u0131na defnedilecektir. Merhuma Allah&#8217;tan rahmet ailesine ve yak\u0131nlar\u0131na ba\u015fsa\u011fl\u0131\u011f\u0131 dileriz.<\/p>\n","protected":false},"excerpt":{"rendered":"<p>Bal\u0131k\u00f6y d\u00fcmrekulu k\u00f6y\u00fcnden H\u00fcsniye Ba\u015f\u0131kara\u2019n\u0131n e\u015fi, Ali ve R\u0131dvan Ba\u015f\u0131kara\u2019n\u0131n babalar\u0131 S\u00fcleyman Ayan ve H\u00fcseyin Ba\u015f\u0131kara\u2019n\u0131n kay\u0131npederi, Almanya\u2019dan emekli H\u00dcSEY\u0130N BA\u015eIKARA vefat etmi\u015ftir. Cenazesi ikindi namaz\u0131n\u0131 m\u00fcteakip bal\u0131k\u00f6y d\u00fcmrekulu k\u00f6y\u00fc mezarl\u0131\u011f\u0131na defnedilecektir. Merhuma Allah&#8217;tan rahmet ailesine ve yak\u0131nlar\u0131na ba\u015fsa\u011fl\u0131\u011f\u0131 dileriz.<\/p>\n","protected":false},"author":7,"featured_media":0,"comment_status":"closed","ping_status":"closed","sticky":false,"template":"","format":"standard","meta":[],"categories":[2],"tags":[],"_links":{"self":[{"href":"http:\/\/ilan.tavsanli.bel.tr\/index.php\/wp-json\/wp\/v2\/posts\/8972"}],"collection":[{"href":"http:\/\/ilan.tavsanli.bel.tr\/index.php\/wp-json\/wp\/v2\/posts"}],"about":[{"href":"http:\/\/ilan.tavsanli.bel.tr\/index.php\/wp-json\/wp\/v2\/types\/post"}],"author":[{"embeddable":true,"href":"http:\/\/ilan.tavsanli.bel.tr\/index.php\/wp-json\/wp\/v2\/users\/7"}],"replies":[{"embeddable":true,"href":"http:\/\/ilan.tavsanli.bel.tr\/index.php\/wp-json\/wp\/v2\/comments?post=8972"}],"version-history":[{"count":1,"href":"http:\/\/ilan.tavsanli.bel.tr\/index.php\/wp-json\/wp\/v2\/posts\/8972\/revisions"}],"predecessor-version":[{"id":8973,"href":"http:\/\/ilan.tavsanli.bel.tr\/index.php\/wp-json\/wp\/v2\/posts\/8972\/revisions\/8973"}],"wp:attachment":[{"href":"http:\/\/ilan.tavsanli.bel.tr\/index.php\/wp-json\/wp\/v2\/media?parent=8972"}],"wp:term":[{"taxonomy":"category","embeddable":true,"href":"http:\/\/ilan.tavsanli.bel.tr\/index.php\/wp-json\/wp\/v2\/categories?post=8972"},{"taxonomy":"post_tag","embeddable":true,"href":"http:\/\/ilan.tavsanli.bel.tr\/index.php\/wp-json\/wp\/v2\/tags?post=8972"}],"curies":[{"name":"wp","href":"https:\/\/api.w.org\/{rel}","templated":true}]}}