{"id":8970,"date":"2025-08-06T11:09:14","date_gmt":"2025-08-06T11:09:14","guid":{"rendered":"http:\/\/ilan.tavsanli.bel.tr\/?p=8970"},"modified":"2025-08-06T11:09:14","modified_gmt":"2025-08-06T11:09:14","slug":"8970","status":"publish","type":"post","link":"http:\/\/ilan.tavsanli.bel.tr\/index.php\/2025\/08\/06\/8970\/","title":{"rendered":""},"content":{"rendered":"<p>G\u00fczelyurt k\u00f6y\u00fcnden merhum Ali Durak\u2019\u0131n e\u015fi, Ahmet ve \u015eefik Durak\u2019\u0131n anneleri, karacaka\u015f k\u00f6y\u00fcnden merhum Mehmet Meydan\u2019\u0131n ablas\u0131, HESNA DURAK vefat etmi\u015ftir. Cenazesi han\u0131m \u00e7e\u015fme camisinde k\u0131l\u0131nacak ikindi namaz\u0131n\u0131 m\u00fcteakip tav\u015fanl\u0131 mezarl\u0131\u011f\u0131na defnedilecektir. Merhumeye Allah&#8217;tan rahmet ailesine ve yak\u0131nlar\u0131na ba\u015fsa\u011fl\u0131\u011f\u0131 dileriz.<\/p>\n","protected":false},"excerpt":{"rendered":"<p>G\u00fczelyurt k\u00f6y\u00fcnden merhum Ali Durak\u2019\u0131n e\u015fi, Ahmet ve \u015eefik Durak\u2019\u0131n anneleri, karacaka\u015f k\u00f6y\u00fcnden merhum Mehmet Meydan\u2019\u0131n ablas\u0131, HESNA DURAK vefat etmi\u015ftir. Cenazesi han\u0131m \u00e7e\u015fme camisinde k\u0131l\u0131nacak ikindi namaz\u0131n\u0131 m\u00fcteakip tav\u015fanl\u0131 mezarl\u0131\u011f\u0131na defnedilecektir. Merhumeye Allah&#8217;tan rahmet ailesine ve yak\u0131nlar\u0131na ba\u015fsa\u011fl\u0131\u011f\u0131 dileriz.<\/p>\n","protected":false},"author":7,"featured_media":0,"comment_status":"closed","ping_status":"closed","sticky":false,"template":"","format":"standard","meta":[],"categories":[2],"tags":[],"_links":{"self":[{"href":"http:\/\/ilan.tavsanli.bel.tr\/index.php\/wp-json\/wp\/v2\/posts\/8970"}],"collection":[{"href":"http:\/\/ilan.tavsanli.bel.tr\/index.php\/wp-json\/wp\/v2\/posts"}],"about":[{"href":"http:\/\/ilan.tavsanli.bel.tr\/index.php\/wp-json\/wp\/v2\/types\/post"}],"author":[{"embeddable":true,"href":"http:\/\/ilan.tavsanli.bel.tr\/index.php\/wp-json\/wp\/v2\/users\/7"}],"replies":[{"embeddable":true,"href":"http:\/\/ilan.tavsanli.bel.tr\/index.php\/wp-json\/wp\/v2\/comments?post=8970"}],"version-history":[{"count":1,"href":"http:\/\/ilan.tavsanli.bel.tr\/index.php\/wp-json\/wp\/v2\/posts\/8970\/revisions"}],"predecessor-version":[{"id":8971,"href":"http:\/\/ilan.tavsanli.bel.tr\/index.php\/wp-json\/wp\/v2\/posts\/8970\/revisions\/8971"}],"wp:attachment":[{"href":"http:\/\/ilan.tavsanli.bel.tr\/index.php\/wp-json\/wp\/v2\/media?parent=8970"}],"wp:term":[{"taxonomy":"category","embeddable":true,"href":"http:\/\/ilan.tavsanli.bel.tr\/index.php\/wp-json\/wp\/v2\/categories?post=8970"},{"taxonomy":"post_tag","embeddable":true,"href":"http:\/\/ilan.tavsanli.bel.tr\/index.php\/wp-json\/wp\/v2\/tags?post=8970"}],"curies":[{"name":"wp","href":"https:\/\/api.w.org\/{rel}","templated":true}]}}