{"id":8968,"date":"2025-08-06T11:08:56","date_gmt":"2025-08-06T11:08:56","guid":{"rendered":"http:\/\/ilan.tavsanli.bel.tr\/?p=8968"},"modified":"2025-08-06T11:08:56","modified_gmt":"2025-08-06T11:08:56","slug":"8968","status":"publish","type":"post","link":"http:\/\/ilan.tavsanli.bel.tr\/index.php\/2025\/08\/06\/8968\/","title":{"rendered":""},"content":{"rendered":"<p>Karaki\u015fi k\u00f6y\u00fc \u00e7ukurca mahallesinden Bekir Yi\u011fit\u2019in e\u015fi, \u015eerafettin ve Nuri Yi\u011fit\u2019in anneleri, \u0130brahim ve Osman Bulut\u2019un ablas\u0131, HAT\u0130CE Y\u0130\u011e\u0130T vefat etmi\u015ftir. Cenazesi ikindi namaz\u0131n\u0131 m\u00fcteakip karaki\u015fi k\u00f6y\u00fc \u00e7ukurca mahallesi mezarl\u0131\u011f\u0131na defnedilecektir. Merhumeye Allah&#8217;tan rahmet ailesine ve yak\u0131nlar\u0131na ba\u015fsa\u011fl\u0131\u011f\u0131 dileriz.<\/p>\n","protected":false},"excerpt":{"rendered":"<p>Karaki\u015fi k\u00f6y\u00fc \u00e7ukurca mahallesinden Bekir Yi\u011fit\u2019in e\u015fi, \u015eerafettin ve Nuri Yi\u011fit\u2019in anneleri, \u0130brahim ve Osman Bulut\u2019un ablas\u0131, HAT\u0130CE Y\u0130\u011e\u0130T vefat etmi\u015ftir. Cenazesi ikindi namaz\u0131n\u0131 m\u00fcteakip karaki\u015fi k\u00f6y\u00fc \u00e7ukurca mahallesi mezarl\u0131\u011f\u0131na defnedilecektir. Merhumeye Allah&#8217;tan rahmet ailesine ve yak\u0131nlar\u0131na ba\u015fsa\u011fl\u0131\u011f\u0131 dileriz.<\/p>\n","protected":false},"author":7,"featured_media":0,"comment_status":"closed","ping_status":"closed","sticky":false,"template":"","format":"standard","meta":[],"categories":[2],"tags":[],"_links":{"self":[{"href":"http:\/\/ilan.tavsanli.bel.tr\/index.php\/wp-json\/wp\/v2\/posts\/8968"}],"collection":[{"href":"http:\/\/ilan.tavsanli.bel.tr\/index.php\/wp-json\/wp\/v2\/posts"}],"about":[{"href":"http:\/\/ilan.tavsanli.bel.tr\/index.php\/wp-json\/wp\/v2\/types\/post"}],"author":[{"embeddable":true,"href":"http:\/\/ilan.tavsanli.bel.tr\/index.php\/wp-json\/wp\/v2\/users\/7"}],"replies":[{"embeddable":true,"href":"http:\/\/ilan.tavsanli.bel.tr\/index.php\/wp-json\/wp\/v2\/comments?post=8968"}],"version-history":[{"count":1,"href":"http:\/\/ilan.tavsanli.bel.tr\/index.php\/wp-json\/wp\/v2\/posts\/8968\/revisions"}],"predecessor-version":[{"id":8969,"href":"http:\/\/ilan.tavsanli.bel.tr\/index.php\/wp-json\/wp\/v2\/posts\/8968\/revisions\/8969"}],"wp:attachment":[{"href":"http:\/\/ilan.tavsanli.bel.tr\/index.php\/wp-json\/wp\/v2\/media?parent=8968"}],"wp:term":[{"taxonomy":"category","embeddable":true,"href":"http:\/\/ilan.tavsanli.bel.tr\/index.php\/wp-json\/wp\/v2\/categories?post=8968"},{"taxonomy":"post_tag","embeddable":true,"href":"http:\/\/ilan.tavsanli.bel.tr\/index.php\/wp-json\/wp\/v2\/tags?post=8968"}],"curies":[{"name":"wp","href":"https:\/\/api.w.org\/{rel}","templated":true}]}}