{"id":8809,"date":"2025-07-07T08:09:15","date_gmt":"2025-07-07T08:09:15","guid":{"rendered":"http:\/\/ilan.tavsanli.bel.tr\/?p=8809"},"modified":"2025-07-07T08:09:15","modified_gmt":"2025-07-07T08:09:15","slug":"8809","status":"publish","type":"post","link":"http:\/\/ilan.tavsanli.bel.tr\/index.php\/2025\/07\/07\/8809\/","title":{"rendered":""},"content":{"rendered":"<p><strong>\u00d6merbey mahallesinden \u0130mam \u0130rfan ve merhum Ali \u00c7akar\u2019\u0131n abisi, Bilal ve merhum Mustafa \u00c7akar\u2019\u0131n babalar\u0131, Ali \u0130hsan Kara ve Selim Kal\u0131n\u2019\u0131n kay\u0131npederi, G.L.\u0130 yeralt\u0131 emekli \u00e7avu\u015flar\u0131ndan KAD\u0130R \u00c7AKAR vefat etmi\u015ftir. Cenazesi \u00f6\u011fle namaz\u0131n\u0131 m\u00fcteakip \u00f6merbey mahallesi mezarl\u0131\u011f\u0131na defnedilecektir. Merhuma Allah\u2019tan rahmet ailesine ve yak\u0131nlar\u0131na ba\u015fsa\u011fl\u0131\u011f\u0131 dileriz.<\/strong><\/p>\n","protected":false},"excerpt":{"rendered":"<p>\u00d6merbey mahallesinden \u0130mam \u0130rfan ve merhum Ali \u00c7akar\u2019\u0131n abisi, Bilal ve merhum Mustafa \u00c7akar\u2019\u0131n babalar\u0131, Ali \u0130hsan Kara ve Selim Kal\u0131n\u2019\u0131n kay\u0131npederi, G.L.\u0130 yeralt\u0131 emekli \u00e7avu\u015flar\u0131ndan KAD\u0130R \u00c7AKAR vefat etmi\u015ftir. Cenazesi \u00f6\u011fle namaz\u0131n\u0131 m\u00fcteakip \u00f6merbey mahallesi mezarl\u0131\u011f\u0131na defnedilecektir. Merhuma Allah\u2019tan rahmet ailesine ve yak\u0131nlar\u0131na ba\u015fsa\u011fl\u0131\u011f\u0131 dileriz.<\/p>\n","protected":false},"author":7,"featured_media":0,"comment_status":"closed","ping_status":"closed","sticky":false,"template":"","format":"standard","meta":[],"categories":[2],"tags":[],"_links":{"self":[{"href":"http:\/\/ilan.tavsanli.bel.tr\/index.php\/wp-json\/wp\/v2\/posts\/8809"}],"collection":[{"href":"http:\/\/ilan.tavsanli.bel.tr\/index.php\/wp-json\/wp\/v2\/posts"}],"about":[{"href":"http:\/\/ilan.tavsanli.bel.tr\/index.php\/wp-json\/wp\/v2\/types\/post"}],"author":[{"embeddable":true,"href":"http:\/\/ilan.tavsanli.bel.tr\/index.php\/wp-json\/wp\/v2\/users\/7"}],"replies":[{"embeddable":true,"href":"http:\/\/ilan.tavsanli.bel.tr\/index.php\/wp-json\/wp\/v2\/comments?post=8809"}],"version-history":[{"count":1,"href":"http:\/\/ilan.tavsanli.bel.tr\/index.php\/wp-json\/wp\/v2\/posts\/8809\/revisions"}],"predecessor-version":[{"id":8810,"href":"http:\/\/ilan.tavsanli.bel.tr\/index.php\/wp-json\/wp\/v2\/posts\/8809\/revisions\/8810"}],"wp:attachment":[{"href":"http:\/\/ilan.tavsanli.bel.tr\/index.php\/wp-json\/wp\/v2\/media?parent=8809"}],"wp:term":[{"taxonomy":"category","embeddable":true,"href":"http:\/\/ilan.tavsanli.bel.tr\/index.php\/wp-json\/wp\/v2\/categories?post=8809"},{"taxonomy":"post_tag","embeddable":true,"href":"http:\/\/ilan.tavsanli.bel.tr\/index.php\/wp-json\/wp\/v2\/tags?post=8809"}],"curies":[{"name":"wp","href":"https:\/\/api.w.org\/{rel}","templated":true}]}}