{"id":8807,"date":"2025-07-07T08:08:05","date_gmt":"2025-07-07T08:08:05","guid":{"rendered":"http:\/\/ilan.tavsanli.bel.tr\/?p=8807"},"modified":"2025-07-07T08:08:05","modified_gmt":"2025-07-07T08:08:05","slug":"8807","status":"publish","type":"post","link":"http:\/\/ilan.tavsanli.bel.tr\/index.php\/2025\/07\/07\/8807\/","title":{"rendered":""},"content":{"rendered":"<p><strong>Beke k\u00f6y\u00fcnden merhum Ramazan Kaya\u2019n\u0131n e\u015fi, merhum Cemal ve merhum Necati Kaya\u2019n\u0131n anneleri, \u0130smail Ceyhun ve Recep Kaya\u2019n\u0131n b\u00fcy\u00fckannesi, EM\u0130NE KAYA vefat etmi\u015ftir. Cenazesi \u00f6\u011fle namaz\u0131n\u0131 m\u00fcteakip tun\u00e7bilek mezarl\u0131\u011f\u0131na defnedilecektir. Merhumeye Allah\u2019tan rahmet ailesine ve yak\u0131nlar\u0131na ba\u015fsa\u011fl\u0131\u011f\u0131 dileriz.<\/strong><\/p>\n","protected":false},"excerpt":{"rendered":"<p>Beke k\u00f6y\u00fcnden merhum Ramazan Kaya\u2019n\u0131n e\u015fi, merhum Cemal ve merhum Necati Kaya\u2019n\u0131n anneleri, \u0130smail Ceyhun ve Recep Kaya\u2019n\u0131n b\u00fcy\u00fckannesi, EM\u0130NE KAYA vefat etmi\u015ftir. Cenazesi \u00f6\u011fle namaz\u0131n\u0131 m\u00fcteakip tun\u00e7bilek mezarl\u0131\u011f\u0131na defnedilecektir. Merhumeye Allah\u2019tan rahmet ailesine ve yak\u0131nlar\u0131na ba\u015fsa\u011fl\u0131\u011f\u0131 dileriz.<\/p>\n","protected":false},"author":7,"featured_media":0,"comment_status":"closed","ping_status":"closed","sticky":false,"template":"","format":"standard","meta":[],"categories":[2],"tags":[],"_links":{"self":[{"href":"http:\/\/ilan.tavsanli.bel.tr\/index.php\/wp-json\/wp\/v2\/posts\/8807"}],"collection":[{"href":"http:\/\/ilan.tavsanli.bel.tr\/index.php\/wp-json\/wp\/v2\/posts"}],"about":[{"href":"http:\/\/ilan.tavsanli.bel.tr\/index.php\/wp-json\/wp\/v2\/types\/post"}],"author":[{"embeddable":true,"href":"http:\/\/ilan.tavsanli.bel.tr\/index.php\/wp-json\/wp\/v2\/users\/7"}],"replies":[{"embeddable":true,"href":"http:\/\/ilan.tavsanli.bel.tr\/index.php\/wp-json\/wp\/v2\/comments?post=8807"}],"version-history":[{"count":1,"href":"http:\/\/ilan.tavsanli.bel.tr\/index.php\/wp-json\/wp\/v2\/posts\/8807\/revisions"}],"predecessor-version":[{"id":8808,"href":"http:\/\/ilan.tavsanli.bel.tr\/index.php\/wp-json\/wp\/v2\/posts\/8807\/revisions\/8808"}],"wp:attachment":[{"href":"http:\/\/ilan.tavsanli.bel.tr\/index.php\/wp-json\/wp\/v2\/media?parent=8807"}],"wp:term":[{"taxonomy":"category","embeddable":true,"href":"http:\/\/ilan.tavsanli.bel.tr\/index.php\/wp-json\/wp\/v2\/categories?post=8807"},{"taxonomy":"post_tag","embeddable":true,"href":"http:\/\/ilan.tavsanli.bel.tr\/index.php\/wp-json\/wp\/v2\/tags?post=8807"}],"curies":[{"name":"wp","href":"https:\/\/api.w.org\/{rel}","templated":true}]}}