{"id":8805,"date":"2025-07-06T11:02:40","date_gmt":"2025-07-06T11:02:40","guid":{"rendered":"http:\/\/ilan.tavsanli.bel.tr\/?p=8805"},"modified":"2025-07-06T11:02:40","modified_gmt":"2025-07-06T11:02:40","slug":"8805","status":"publish","type":"post","link":"http:\/\/ilan.tavsanli.bel.tr\/index.php\/2025\/07\/06\/8805\/","title":{"rendered":""},"content":{"rendered":"<p>K\u0131\u015flademirli k\u00f6y\u00fcnden Hasan G\u00f6k&#8217;\u00fcn e\u015fi, S\u00fcleyman, Aysun, Ay\u015feg\u00fcl ve Esra G\u00f6k&#8217;\u00fcn anneleri, FATMA G\u00d6K vefat etmi\u015ftir. Cenazesi ikindi namaz\u0131n\u0131 m\u00fcteakip k\u0131\u015flademirli k\u00f6y\u00fc mezarl\u0131\u011f\u0131na defnedilecektir. Merhumeye Allah&#8217;tan rahmet ailesine ve yak\u0131nlar\u0131na ba\u015fsa\u011fl\u0131\u011f\u0131 dileriz.<\/p>\n","protected":false},"excerpt":{"rendered":"<p>K\u0131\u015flademirli k\u00f6y\u00fcnden Hasan G\u00f6k&#8217;\u00fcn e\u015fi, S\u00fcleyman, Aysun, Ay\u015feg\u00fcl ve Esra G\u00f6k&#8217;\u00fcn anneleri, FATMA G\u00d6K vefat etmi\u015ftir. Cenazesi ikindi namaz\u0131n\u0131 m\u00fcteakip k\u0131\u015flademirli k\u00f6y\u00fc mezarl\u0131\u011f\u0131na defnedilecektir. Merhumeye Allah&#8217;tan rahmet ailesine ve yak\u0131nlar\u0131na ba\u015fsa\u011fl\u0131\u011f\u0131 dileriz.<\/p>\n","protected":false},"author":7,"featured_media":0,"comment_status":"closed","ping_status":"closed","sticky":false,"template":"","format":"standard","meta":[],"categories":[2],"tags":[],"_links":{"self":[{"href":"http:\/\/ilan.tavsanli.bel.tr\/index.php\/wp-json\/wp\/v2\/posts\/8805"}],"collection":[{"href":"http:\/\/ilan.tavsanli.bel.tr\/index.php\/wp-json\/wp\/v2\/posts"}],"about":[{"href":"http:\/\/ilan.tavsanli.bel.tr\/index.php\/wp-json\/wp\/v2\/types\/post"}],"author":[{"embeddable":true,"href":"http:\/\/ilan.tavsanli.bel.tr\/index.php\/wp-json\/wp\/v2\/users\/7"}],"replies":[{"embeddable":true,"href":"http:\/\/ilan.tavsanli.bel.tr\/index.php\/wp-json\/wp\/v2\/comments?post=8805"}],"version-history":[{"count":1,"href":"http:\/\/ilan.tavsanli.bel.tr\/index.php\/wp-json\/wp\/v2\/posts\/8805\/revisions"}],"predecessor-version":[{"id":8806,"href":"http:\/\/ilan.tavsanli.bel.tr\/index.php\/wp-json\/wp\/v2\/posts\/8805\/revisions\/8806"}],"wp:attachment":[{"href":"http:\/\/ilan.tavsanli.bel.tr\/index.php\/wp-json\/wp\/v2\/media?parent=8805"}],"wp:term":[{"taxonomy":"category","embeddable":true,"href":"http:\/\/ilan.tavsanli.bel.tr\/index.php\/wp-json\/wp\/v2\/categories?post=8805"},{"taxonomy":"post_tag","embeddable":true,"href":"http:\/\/ilan.tavsanli.bel.tr\/index.php\/wp-json\/wp\/v2\/tags?post=8805"}],"curies":[{"name":"wp","href":"https:\/\/api.w.org\/{rel}","templated":true}]}}