{"id":8776,"date":"2025-06-28T08:14:08","date_gmt":"2025-06-28T08:14:08","guid":{"rendered":"http:\/\/ilan.tavsanli.bel.tr\/?p=8776"},"modified":"2025-06-28T08:14:08","modified_gmt":"2025-06-28T08:14:08","slug":"8776","status":"publish","type":"post","link":"http:\/\/ilan.tavsanli.bel.tr\/index.php\/2025\/06\/28\/8776\/","title":{"rendered":""},"content":{"rendered":"<p>Tav\u015fanl\u0131 e\u015fraf\u0131ndan Ahmet Hondu&#8217;nun e\u015fi, \u0130brahim Hondu&#8217;nun annesi, Serkan ve Ahmet Batuhan Hondu&#8217;nun b\u00fcy\u00fck anneleri, AYSEL HONDU vefat etmi\u015ftir. Cenazesi tun\u00e7bilek merkez mahallesi camisinde k\u0131l\u0131nacak \u00f6\u011fle namaz\u0131n\u0131 m\u00fcteakip tun\u00e7bilek mezarl\u0131\u011f\u0131na defnedilecektir. Merhumeye Allah&#8217;tan rahmet ailesine ve yak\u0131nlar\u0131na ba\u015fsa\u011fl\u0131\u011f\u0131 dileriz.<\/p>\n","protected":false},"excerpt":{"rendered":"<p>Tav\u015fanl\u0131 e\u015fraf\u0131ndan Ahmet Hondu&#8217;nun e\u015fi, \u0130brahim Hondu&#8217;nun annesi, Serkan ve Ahmet Batuhan Hondu&#8217;nun b\u00fcy\u00fck anneleri, AYSEL HONDU vefat etmi\u015ftir. Cenazesi tun\u00e7bilek merkez mahallesi camisinde k\u0131l\u0131nacak \u00f6\u011fle namaz\u0131n\u0131 m\u00fcteakip tun\u00e7bilek mezarl\u0131\u011f\u0131na defnedilecektir. Merhumeye Allah&#8217;tan rahmet ailesine ve yak\u0131nlar\u0131na ba\u015fsa\u011fl\u0131\u011f\u0131 dileriz.<\/p>\n","protected":false},"author":7,"featured_media":0,"comment_status":"closed","ping_status":"closed","sticky":false,"template":"","format":"standard","meta":[],"categories":[2],"tags":[],"_links":{"self":[{"href":"http:\/\/ilan.tavsanli.bel.tr\/index.php\/wp-json\/wp\/v2\/posts\/8776"}],"collection":[{"href":"http:\/\/ilan.tavsanli.bel.tr\/index.php\/wp-json\/wp\/v2\/posts"}],"about":[{"href":"http:\/\/ilan.tavsanli.bel.tr\/index.php\/wp-json\/wp\/v2\/types\/post"}],"author":[{"embeddable":true,"href":"http:\/\/ilan.tavsanli.bel.tr\/index.php\/wp-json\/wp\/v2\/users\/7"}],"replies":[{"embeddable":true,"href":"http:\/\/ilan.tavsanli.bel.tr\/index.php\/wp-json\/wp\/v2\/comments?post=8776"}],"version-history":[{"count":1,"href":"http:\/\/ilan.tavsanli.bel.tr\/index.php\/wp-json\/wp\/v2\/posts\/8776\/revisions"}],"predecessor-version":[{"id":8777,"href":"http:\/\/ilan.tavsanli.bel.tr\/index.php\/wp-json\/wp\/v2\/posts\/8776\/revisions\/8777"}],"wp:attachment":[{"href":"http:\/\/ilan.tavsanli.bel.tr\/index.php\/wp-json\/wp\/v2\/media?parent=8776"}],"wp:term":[{"taxonomy":"category","embeddable":true,"href":"http:\/\/ilan.tavsanli.bel.tr\/index.php\/wp-json\/wp\/v2\/categories?post=8776"},{"taxonomy":"post_tag","embeddable":true,"href":"http:\/\/ilan.tavsanli.bel.tr\/index.php\/wp-json\/wp\/v2\/tags?post=8776"}],"curies":[{"name":"wp","href":"https:\/\/api.w.org\/{rel}","templated":true}]}}