{"id":8770,"date":"2025-06-27T08:17:17","date_gmt":"2025-06-27T08:17:17","guid":{"rendered":"http:\/\/ilan.tavsanli.bel.tr\/?p=8770"},"modified":"2025-06-27T08:17:17","modified_gmt":"2025-06-27T08:17:17","slug":"8770","status":"publish","type":"post","link":"http:\/\/ilan.tavsanli.bel.tr\/index.php\/2025\/06\/27\/8770\/","title":{"rendered":""},"content":{"rendered":"<p><strong>Merhum hac\u0131 Abdullah Ma\u015fal\u0131\u2019n\u0131n k\u0131z\u0131, merhum leblebici hac\u0131 Halil \u0130brahim Karata\u015f\u2019\u0131n e\u015fi, Y\u00fcksel ve Ekrem Karata\u015f\u2019\u0131n anneleri, ZEHRA KARATA\u015e vefat etmi\u015ftir. Cenazesi ulucamide k\u0131l\u0131nacak cuma namaz\u0131n\u0131 m\u00fcteakip tav\u015fanl\u0131 mezarl\u0131\u011f\u0131na defnedilecektir. Merhumeye Allah\u2019tan rahmet ailesine ve yak\u0131nlar\u0131na ba\u015fsa\u011fl\u0131\u011f\u0131 dileriz.<\/strong><\/p>\n","protected":false},"excerpt":{"rendered":"<p>Merhum hac\u0131 Abdullah Ma\u015fal\u0131\u2019n\u0131n k\u0131z\u0131, merhum leblebici hac\u0131 Halil \u0130brahim Karata\u015f\u2019\u0131n e\u015fi, Y\u00fcksel ve Ekrem Karata\u015f\u2019\u0131n anneleri, ZEHRA KARATA\u015e vefat etmi\u015ftir. Cenazesi ulucamide k\u0131l\u0131nacak cuma namaz\u0131n\u0131 m\u00fcteakip tav\u015fanl\u0131 mezarl\u0131\u011f\u0131na defnedilecektir. Merhumeye Allah\u2019tan rahmet ailesine ve yak\u0131nlar\u0131na ba\u015fsa\u011fl\u0131\u011f\u0131 dileriz.<\/p>\n","protected":false},"author":7,"featured_media":0,"comment_status":"closed","ping_status":"closed","sticky":false,"template":"","format":"standard","meta":[],"categories":[2],"tags":[],"_links":{"self":[{"href":"http:\/\/ilan.tavsanli.bel.tr\/index.php\/wp-json\/wp\/v2\/posts\/8770"}],"collection":[{"href":"http:\/\/ilan.tavsanli.bel.tr\/index.php\/wp-json\/wp\/v2\/posts"}],"about":[{"href":"http:\/\/ilan.tavsanli.bel.tr\/index.php\/wp-json\/wp\/v2\/types\/post"}],"author":[{"embeddable":true,"href":"http:\/\/ilan.tavsanli.bel.tr\/index.php\/wp-json\/wp\/v2\/users\/7"}],"replies":[{"embeddable":true,"href":"http:\/\/ilan.tavsanli.bel.tr\/index.php\/wp-json\/wp\/v2\/comments?post=8770"}],"version-history":[{"count":1,"href":"http:\/\/ilan.tavsanli.bel.tr\/index.php\/wp-json\/wp\/v2\/posts\/8770\/revisions"}],"predecessor-version":[{"id":8771,"href":"http:\/\/ilan.tavsanli.bel.tr\/index.php\/wp-json\/wp\/v2\/posts\/8770\/revisions\/8771"}],"wp:attachment":[{"href":"http:\/\/ilan.tavsanli.bel.tr\/index.php\/wp-json\/wp\/v2\/media?parent=8770"}],"wp:term":[{"taxonomy":"category","embeddable":true,"href":"http:\/\/ilan.tavsanli.bel.tr\/index.php\/wp-json\/wp\/v2\/categories?post=8770"},{"taxonomy":"post_tag","embeddable":true,"href":"http:\/\/ilan.tavsanli.bel.tr\/index.php\/wp-json\/wp\/v2\/tags?post=8770"}],"curies":[{"name":"wp","href":"https:\/\/api.w.org\/{rel}","templated":true}]}}