{"id":8765,"date":"2025-06-27T08:13:48","date_gmt":"2025-06-27T08:13:48","guid":{"rendered":"http:\/\/ilan.tavsanli.bel.tr\/?p=8765"},"modified":"2025-06-27T08:13:48","modified_gmt":"2025-06-27T08:13:48","slug":"8765","status":"publish","type":"post","link":"http:\/\/ilan.tavsanli.bel.tr\/index.php\/2025\/06\/27\/8765\/","title":{"rendered":""},"content":{"rendered":"<p>Kayaaras\u0131 k\u00f6y\u00fcnden merhum Mehmet Emin Y\u0131lmaz\u2019\u0131n e\u015fi, Akile, Serpil ve merhum Hasan Y\u0131lmaz\u2019\u0131n anneleri, Mustafa Karay\u00f6r\u00fck\u2019\u00fcn kay\u0131nvalidesi, Erdo\u011fan, Erol, Birol D\u00f6nmez ve Hatice Veral\u2019\u0131n ablas\u0131, G\u00dcLSER YILMAZ vefat etmi\u015ftir. Cenazesi cuma namaz\u0131n\u0131 m\u00fcteakip kayaaras\u0131 k\u00f6y\u00fc mezarl\u0131\u011f\u0131na defnedilecektir. Merhumeye Allah\u2019tan rahmet ailesine ve yak\u0131nlar\u0131na ba\u015fsa\u011fl\u0131\u011f\u0131 dileriz.<\/p>\n","protected":false},"excerpt":{"rendered":"<p>Kayaaras\u0131 k\u00f6y\u00fcnden merhum Mehmet Emin Y\u0131lmaz\u2019\u0131n e\u015fi, Akile, Serpil ve merhum Hasan Y\u0131lmaz\u2019\u0131n anneleri, Mustafa Karay\u00f6r\u00fck\u2019\u00fcn kay\u0131nvalidesi, Erdo\u011fan, Erol, Birol D\u00f6nmez ve Hatice Veral\u2019\u0131n ablas\u0131, G\u00dcLSER YILMAZ vefat etmi\u015ftir. Cenazesi cuma namaz\u0131n\u0131 m\u00fcteakip kayaaras\u0131 k\u00f6y\u00fc mezarl\u0131\u011f\u0131na defnedilecektir. Merhumeye Allah\u2019tan rahmet ailesine ve yak\u0131nlar\u0131na ba\u015fsa\u011fl\u0131\u011f\u0131 dileriz.<\/p>\n","protected":false},"author":7,"featured_media":0,"comment_status":"closed","ping_status":"closed","sticky":false,"template":"","format":"standard","meta":[],"categories":[2],"tags":[],"_links":{"self":[{"href":"http:\/\/ilan.tavsanli.bel.tr\/index.php\/wp-json\/wp\/v2\/posts\/8765"}],"collection":[{"href":"http:\/\/ilan.tavsanli.bel.tr\/index.php\/wp-json\/wp\/v2\/posts"}],"about":[{"href":"http:\/\/ilan.tavsanli.bel.tr\/index.php\/wp-json\/wp\/v2\/types\/post"}],"author":[{"embeddable":true,"href":"http:\/\/ilan.tavsanli.bel.tr\/index.php\/wp-json\/wp\/v2\/users\/7"}],"replies":[{"embeddable":true,"href":"http:\/\/ilan.tavsanli.bel.tr\/index.php\/wp-json\/wp\/v2\/comments?post=8765"}],"version-history":[{"count":1,"href":"http:\/\/ilan.tavsanli.bel.tr\/index.php\/wp-json\/wp\/v2\/posts\/8765\/revisions"}],"predecessor-version":[{"id":8766,"href":"http:\/\/ilan.tavsanli.bel.tr\/index.php\/wp-json\/wp\/v2\/posts\/8765\/revisions\/8766"}],"wp:attachment":[{"href":"http:\/\/ilan.tavsanli.bel.tr\/index.php\/wp-json\/wp\/v2\/media?parent=8765"}],"wp:term":[{"taxonomy":"category","embeddable":true,"href":"http:\/\/ilan.tavsanli.bel.tr\/index.php\/wp-json\/wp\/v2\/categories?post=8765"},{"taxonomy":"post_tag","embeddable":true,"href":"http:\/\/ilan.tavsanli.bel.tr\/index.php\/wp-json\/wp\/v2\/tags?post=8765"}],"curies":[{"name":"wp","href":"https:\/\/api.w.org\/{rel}","templated":true}]}}