{"id":8763,"date":"2025-06-27T08:11:27","date_gmt":"2025-06-27T08:11:27","guid":{"rendered":"http:\/\/ilan.tavsanli.bel.tr\/?p=8763"},"modified":"2025-06-27T08:11:27","modified_gmt":"2025-06-27T08:11:27","slug":"8763","status":"publish","type":"post","link":"http:\/\/ilan.tavsanli.bel.tr\/index.php\/2025\/06\/27\/8763\/","title":{"rendered":""},"content":{"rendered":"<p><span data-offset-key=\"7ogop-1-0\">Tun\u00e7bilek<\/span><span data-offset-key=\"7ogop-2-0\"> Beldesi G\u00fcra\u011fa\u00e7 mahallesinden Termik emekli i\u015f\u00e7isi Mehmet Bilginin e\u015fi, G.L.\u0130 emekli i\u015f\u00e7ilerinden Durmu\u015f ve A\u011falar Cami emekli imam hatibi Necdet Bilgin&#8217;in anneleri, merhum Adem Bursa ve merhum Halil \u0130brahim Tan\u2019\u0131n kay\u0131nvalidesi, SADIKA B\u0130LG\u0130N vefat etmi\u015ftir. Cenazesi cuma namaz\u0131n\u0131 m\u00fcteakip g\u00fcra\u011fa\u00e7 mezarl\u0131\u011f\u0131na defnedilecektir. Merhumeye Allah&#8217;tan rahmet ailesine ve yak\u0131nlar\u0131na ba\u015fsa\u011fl\u0131\u011f\u0131 dileriz.<\/span><\/p>\n","protected":false},"excerpt":{"rendered":"<p>Tun\u00e7bilek Beldesi G\u00fcra\u011fa\u00e7 mahallesinden Termik emekli i\u015f\u00e7isi Mehmet Bilginin e\u015fi, G.L.\u0130 emekli i\u015f\u00e7ilerinden Durmu\u015f ve A\u011falar Cami emekli imam hatibi Necdet Bilgin&#8217;in anneleri, merhum Adem Bursa ve merhum Halil \u0130brahim Tan\u2019\u0131n kay\u0131nvalidesi, SADIKA B\u0130LG\u0130N vefat etmi\u015ftir. Cenazesi cuma namaz\u0131n\u0131 m\u00fcteakip g\u00fcra\u011fa\u00e7 mezarl\u0131\u011f\u0131na defnedilecektir. Merhumeye Allah&#8217;tan rahmet ailesine ve yak\u0131nlar\u0131na ba\u015fsa\u011fl\u0131\u011f\u0131 dileriz.<\/p>\n","protected":false},"author":7,"featured_media":0,"comment_status":"closed","ping_status":"closed","sticky":false,"template":"","format":"standard","meta":[],"categories":[2],"tags":[],"_links":{"self":[{"href":"http:\/\/ilan.tavsanli.bel.tr\/index.php\/wp-json\/wp\/v2\/posts\/8763"}],"collection":[{"href":"http:\/\/ilan.tavsanli.bel.tr\/index.php\/wp-json\/wp\/v2\/posts"}],"about":[{"href":"http:\/\/ilan.tavsanli.bel.tr\/index.php\/wp-json\/wp\/v2\/types\/post"}],"author":[{"embeddable":true,"href":"http:\/\/ilan.tavsanli.bel.tr\/index.php\/wp-json\/wp\/v2\/users\/7"}],"replies":[{"embeddable":true,"href":"http:\/\/ilan.tavsanli.bel.tr\/index.php\/wp-json\/wp\/v2\/comments?post=8763"}],"version-history":[{"count":1,"href":"http:\/\/ilan.tavsanli.bel.tr\/index.php\/wp-json\/wp\/v2\/posts\/8763\/revisions"}],"predecessor-version":[{"id":8764,"href":"http:\/\/ilan.tavsanli.bel.tr\/index.php\/wp-json\/wp\/v2\/posts\/8763\/revisions\/8764"}],"wp:attachment":[{"href":"http:\/\/ilan.tavsanli.bel.tr\/index.php\/wp-json\/wp\/v2\/media?parent=8763"}],"wp:term":[{"taxonomy":"category","embeddable":true,"href":"http:\/\/ilan.tavsanli.bel.tr\/index.php\/wp-json\/wp\/v2\/categories?post=8763"},{"taxonomy":"post_tag","embeddable":true,"href":"http:\/\/ilan.tavsanli.bel.tr\/index.php\/wp-json\/wp\/v2\/tags?post=8763"}],"curies":[{"name":"wp","href":"https:\/\/api.w.org\/{rel}","templated":true}]}}