{"id":8757,"date":"2025-06-26T08:09:14","date_gmt":"2025-06-26T08:09:14","guid":{"rendered":"http:\/\/ilan.tavsanli.bel.tr\/?p=8757"},"modified":"2025-06-26T08:09:14","modified_gmt":"2025-06-26T08:09:14","slug":"8757","status":"publish","type":"post","link":"http:\/\/ilan.tavsanli.bel.tr\/index.php\/2025\/06\/26\/8757\/","title":{"rendered":""},"content":{"rendered":"<p><span data-offset-key=\"3oml6-1-0\">Moymul<\/span><span data-offset-key=\"3oml6-2-0\"> mahallesinden merhum Ahmet T\u00fcrky\u0131lmaz\u2019\u0131n o\u011flu, emekli \u00f6\u011fretmen Nermin T\u00fcrky\u0131lmaz\u2019\u0131n e\u015fi, Emin ve Engin T\u00fcrky\u0131lmaz\u2019\u0131n babalar\u0131, Atat\u00fcrk lisesi emekli m\u00fcd\u00fcr\u00fc CEMAL T\u00dcRKYILMAZ vefat etmi\u015ftir. Cenazesi moymul \u00e7ar\u015f\u0131 camisinde k\u0131l\u0131nacak \u00f6\u011fle namaz\u0131n\u0131 m\u00fcteakip moymul mahallesi mezarl\u0131\u011f\u0131na defnedilecektir. Merhuma Allah\u2019tan rahmet ailesine ve yak\u0131nlar\u0131na ba\u015fsa\u011fl\u0131\u011f\u0131 dileriz.<\/span><\/p>\n","protected":false},"excerpt":{"rendered":"<p>Moymul mahallesinden merhum Ahmet T\u00fcrky\u0131lmaz\u2019\u0131n o\u011flu, emekli \u00f6\u011fretmen Nermin T\u00fcrky\u0131lmaz\u2019\u0131n e\u015fi, Emin ve Engin T\u00fcrky\u0131lmaz\u2019\u0131n babalar\u0131, Atat\u00fcrk lisesi emekli m\u00fcd\u00fcr\u00fc CEMAL T\u00dcRKYILMAZ vefat etmi\u015ftir. Cenazesi moymul \u00e7ar\u015f\u0131 camisinde k\u0131l\u0131nacak \u00f6\u011fle namaz\u0131n\u0131 m\u00fcteakip moymul mahallesi mezarl\u0131\u011f\u0131na defnedilecektir. Merhuma Allah\u2019tan rahmet ailesine ve yak\u0131nlar\u0131na ba\u015fsa\u011fl\u0131\u011f\u0131 dileriz.<\/p>\n","protected":false},"author":7,"featured_media":0,"comment_status":"closed","ping_status":"closed","sticky":false,"template":"","format":"standard","meta":[],"categories":[2],"tags":[],"_links":{"self":[{"href":"http:\/\/ilan.tavsanli.bel.tr\/index.php\/wp-json\/wp\/v2\/posts\/8757"}],"collection":[{"href":"http:\/\/ilan.tavsanli.bel.tr\/index.php\/wp-json\/wp\/v2\/posts"}],"about":[{"href":"http:\/\/ilan.tavsanli.bel.tr\/index.php\/wp-json\/wp\/v2\/types\/post"}],"author":[{"embeddable":true,"href":"http:\/\/ilan.tavsanli.bel.tr\/index.php\/wp-json\/wp\/v2\/users\/7"}],"replies":[{"embeddable":true,"href":"http:\/\/ilan.tavsanli.bel.tr\/index.php\/wp-json\/wp\/v2\/comments?post=8757"}],"version-history":[{"count":1,"href":"http:\/\/ilan.tavsanli.bel.tr\/index.php\/wp-json\/wp\/v2\/posts\/8757\/revisions"}],"predecessor-version":[{"id":8758,"href":"http:\/\/ilan.tavsanli.bel.tr\/index.php\/wp-json\/wp\/v2\/posts\/8757\/revisions\/8758"}],"wp:attachment":[{"href":"http:\/\/ilan.tavsanli.bel.tr\/index.php\/wp-json\/wp\/v2\/media?parent=8757"}],"wp:term":[{"taxonomy":"category","embeddable":true,"href":"http:\/\/ilan.tavsanli.bel.tr\/index.php\/wp-json\/wp\/v2\/categories?post=8757"},{"taxonomy":"post_tag","embeddable":true,"href":"http:\/\/ilan.tavsanli.bel.tr\/index.php\/wp-json\/wp\/v2\/tags?post=8757"}],"curies":[{"name":"wp","href":"https:\/\/api.w.org\/{rel}","templated":true}]}}