{"id":8753,"date":"2025-06-26T08:08:16","date_gmt":"2025-06-26T08:08:16","guid":{"rendered":"http:\/\/ilan.tavsanli.bel.tr\/?p=8753"},"modified":"2025-06-26T08:08:16","modified_gmt":"2025-06-26T08:08:16","slug":"8753","status":"publish","type":"post","link":"http:\/\/ilan.tavsanli.bel.tr\/index.php\/2025\/06\/26\/8753\/","title":{"rendered":""},"content":{"rendered":"<p>Tav\u015fanl\u0131 emekli itfaiye personeli Bahattin Akdo\u011fan\u2019\u0131n e\u015fi, Ahmet Akdo\u011fan\u2019\u0131n annesi, merhum kundurac\u0131 H\u00fcseyin Erg\u00fcl\u2019\u00fcn k\u0131z\u0131, SIDIKA AKDO\u011eAN vefat etmi\u015ftir. Cenazesi esentepe camisinde k\u0131l\u0131nacak \u00f6\u011fle namaz\u0131n\u0131 m\u00fcteakip \u00e7ukurk\u00f6y mahallesi mezarl\u0131\u011f\u0131na defnedilecektir. Merhumeye Allah\u2019tan rahmet ailesine ve yak\u0131nlar\u0131na ba\u015fsa\u011fl\u0131\u011f\u0131 dileriz.<\/p>\n","protected":false},"excerpt":{"rendered":"<p>Tav\u015fanl\u0131 emekli itfaiye personeli Bahattin Akdo\u011fan\u2019\u0131n e\u015fi, Ahmet Akdo\u011fan\u2019\u0131n annesi, merhum kundurac\u0131 H\u00fcseyin Erg\u00fcl\u2019\u00fcn k\u0131z\u0131, SIDIKA AKDO\u011eAN vefat etmi\u015ftir. Cenazesi esentepe camisinde k\u0131l\u0131nacak \u00f6\u011fle namaz\u0131n\u0131 m\u00fcteakip \u00e7ukurk\u00f6y mahallesi mezarl\u0131\u011f\u0131na defnedilecektir. Merhumeye Allah\u2019tan rahmet ailesine ve yak\u0131nlar\u0131na ba\u015fsa\u011fl\u0131\u011f\u0131 dileriz.<\/p>\n","protected":false},"author":7,"featured_media":0,"comment_status":"closed","ping_status":"closed","sticky":false,"template":"","format":"standard","meta":[],"categories":[2],"tags":[],"_links":{"self":[{"href":"http:\/\/ilan.tavsanli.bel.tr\/index.php\/wp-json\/wp\/v2\/posts\/8753"}],"collection":[{"href":"http:\/\/ilan.tavsanli.bel.tr\/index.php\/wp-json\/wp\/v2\/posts"}],"about":[{"href":"http:\/\/ilan.tavsanli.bel.tr\/index.php\/wp-json\/wp\/v2\/types\/post"}],"author":[{"embeddable":true,"href":"http:\/\/ilan.tavsanli.bel.tr\/index.php\/wp-json\/wp\/v2\/users\/7"}],"replies":[{"embeddable":true,"href":"http:\/\/ilan.tavsanli.bel.tr\/index.php\/wp-json\/wp\/v2\/comments?post=8753"}],"version-history":[{"count":1,"href":"http:\/\/ilan.tavsanli.bel.tr\/index.php\/wp-json\/wp\/v2\/posts\/8753\/revisions"}],"predecessor-version":[{"id":8754,"href":"http:\/\/ilan.tavsanli.bel.tr\/index.php\/wp-json\/wp\/v2\/posts\/8753\/revisions\/8754"}],"wp:attachment":[{"href":"http:\/\/ilan.tavsanli.bel.tr\/index.php\/wp-json\/wp\/v2\/media?parent=8753"}],"wp:term":[{"taxonomy":"category","embeddable":true,"href":"http:\/\/ilan.tavsanli.bel.tr\/index.php\/wp-json\/wp\/v2\/categories?post=8753"},{"taxonomy":"post_tag","embeddable":true,"href":"http:\/\/ilan.tavsanli.bel.tr\/index.php\/wp-json\/wp\/v2\/tags?post=8753"}],"curies":[{"name":"wp","href":"https:\/\/api.w.org\/{rel}","templated":true}]}}