{"id":8614,"date":"2025-05-21T08:09:25","date_gmt":"2025-05-21T08:09:25","guid":{"rendered":"http:\/\/ilan.tavsanli.bel.tr\/?p=8614"},"modified":"2025-05-21T08:09:25","modified_gmt":"2025-05-21T08:09:25","slug":"8614","status":"publish","type":"post","link":"http:\/\/ilan.tavsanli.bel.tr\/index.php\/2025\/05\/21\/8614\/","title":{"rendered":""},"content":{"rendered":"<p>Emet kay\u0131k\u00f6yden G.L.\u0130 emekli i\u015f\u00e7ilerinden Hakk\u0131 K\u00fc\u00e7\u00fckkahraman\u2019\u0131n o\u011flu, \u00e7ardakl\u0131 mahallesinden Veyis Atay\u2019\u0131n damad\u0131, G.L.\u0130 \u00f6zel g\u00fcvenlik personeli MUSTAFA K\u00dc\u00c7\u00dcKKAHRAMAN vefat etmi\u015flerdir. Cenazesi \u00a0ulucamide k\u0131l\u0131nacak \u00f6\u011fle namaz\u0131n\u0131 m\u00fcteakip tav\u015fanl\u0131 mezarl\u0131\u011f\u0131na defnedilecektir. Merhuma Allah&#8217;tan rahmet ailesine ve yak\u0131nlar\u0131na ba\u015fsa\u011fl\u0131\u011f\u0131 dileriz.<\/p>\n","protected":false},"excerpt":{"rendered":"<p>Emet kay\u0131k\u00f6yden G.L.\u0130 emekli i\u015f\u00e7ilerinden Hakk\u0131 K\u00fc\u00e7\u00fckkahraman\u2019\u0131n o\u011flu, \u00e7ardakl\u0131 mahallesinden Veyis Atay\u2019\u0131n damad\u0131, G.L.\u0130 \u00f6zel g\u00fcvenlik personeli MUSTAFA K\u00dc\u00c7\u00dcKKAHRAMAN vefat etmi\u015flerdir. Cenazesi \u00a0ulucamide k\u0131l\u0131nacak \u00f6\u011fle namaz\u0131n\u0131 m\u00fcteakip tav\u015fanl\u0131 mezarl\u0131\u011f\u0131na defnedilecektir. Merhuma Allah&#8217;tan rahmet ailesine ve yak\u0131nlar\u0131na ba\u015fsa\u011fl\u0131\u011f\u0131 dileriz.<\/p>\n","protected":false},"author":7,"featured_media":0,"comment_status":"closed","ping_status":"closed","sticky":false,"template":"","format":"standard","meta":[],"categories":[2],"tags":[],"_links":{"self":[{"href":"http:\/\/ilan.tavsanli.bel.tr\/index.php\/wp-json\/wp\/v2\/posts\/8614"}],"collection":[{"href":"http:\/\/ilan.tavsanli.bel.tr\/index.php\/wp-json\/wp\/v2\/posts"}],"about":[{"href":"http:\/\/ilan.tavsanli.bel.tr\/index.php\/wp-json\/wp\/v2\/types\/post"}],"author":[{"embeddable":true,"href":"http:\/\/ilan.tavsanli.bel.tr\/index.php\/wp-json\/wp\/v2\/users\/7"}],"replies":[{"embeddable":true,"href":"http:\/\/ilan.tavsanli.bel.tr\/index.php\/wp-json\/wp\/v2\/comments?post=8614"}],"version-history":[{"count":1,"href":"http:\/\/ilan.tavsanli.bel.tr\/index.php\/wp-json\/wp\/v2\/posts\/8614\/revisions"}],"predecessor-version":[{"id":8615,"href":"http:\/\/ilan.tavsanli.bel.tr\/index.php\/wp-json\/wp\/v2\/posts\/8614\/revisions\/8615"}],"wp:attachment":[{"href":"http:\/\/ilan.tavsanli.bel.tr\/index.php\/wp-json\/wp\/v2\/media?parent=8614"}],"wp:term":[{"taxonomy":"category","embeddable":true,"href":"http:\/\/ilan.tavsanli.bel.tr\/index.php\/wp-json\/wp\/v2\/categories?post=8614"},{"taxonomy":"post_tag","embeddable":true,"href":"http:\/\/ilan.tavsanli.bel.tr\/index.php\/wp-json\/wp\/v2\/tags?post=8614"}],"curies":[{"name":"wp","href":"https:\/\/api.w.org\/{rel}","templated":true}]}}