{"id":8526,"date":"2025-04-30T08:12:05","date_gmt":"2025-04-30T08:12:05","guid":{"rendered":"http:\/\/ilan.tavsanli.bel.tr\/?p=8526"},"modified":"2025-04-30T08:12:05","modified_gmt":"2025-04-30T08:12:05","slug":"8526","status":"publish","type":"post","link":"http:\/\/ilan.tavsanli.bel.tr\/index.php\/2025\/04\/30\/8526\/","title":{"rendered":""},"content":{"rendered":"<p><span data-offset-key=\"3hq90-0-0\">G.L.\u0130 den emekli merhum <\/span><span data-offset-key=\"3hq90-1-0\">Nebi<\/span><span data-offset-key=\"3hq90-2-0\"> T\u00fcren\u2019in e\u015fi, \u015e\u00f6hret Ba\u015f, Serap Sayan, \u0130brahim ve \u015eenol T\u00fcren\u2019in anneleri, termikten emekli Hasan Ak\u00e7\u0131n\u2019\u0131n ablas\u0131, Abdullah Ba\u015f ve Ali R\u0131za Sayan\u2019\u0131n kay\u0131nvalidesi, AYTEN T\u00dcREN vefat etmi\u015ftir. Cenazesi ulucamide k\u0131l\u0131nacak \u00f6\u011fle namaz\u0131n\u0131 m\u00fcteakip tav\u015fanl\u0131 mezarl\u0131\u011f\u0131na defnedilecektir. Merhumeye Allah&#8217;tan rahmet ailesine ve yak\u0131nlar\u0131na ba\u015fsa\u011fl\u0131\u011f\u0131 dileriz.<\/span><\/p>\n","protected":false},"excerpt":{"rendered":"<p>G.L.\u0130 den emekli merhum Nebi T\u00fcren\u2019in e\u015fi, \u015e\u00f6hret Ba\u015f, Serap Sayan, \u0130brahim ve \u015eenol T\u00fcren\u2019in anneleri, termikten emekli Hasan Ak\u00e7\u0131n\u2019\u0131n ablas\u0131, Abdullah Ba\u015f ve Ali R\u0131za Sayan\u2019\u0131n kay\u0131nvalidesi, AYTEN T\u00dcREN vefat etmi\u015ftir. Cenazesi ulucamide k\u0131l\u0131nacak \u00f6\u011fle namaz\u0131n\u0131 m\u00fcteakip tav\u015fanl\u0131 mezarl\u0131\u011f\u0131na defnedilecektir. Merhumeye Allah&#8217;tan rahmet ailesine ve yak\u0131nlar\u0131na ba\u015fsa\u011fl\u0131\u011f\u0131 dileriz.<\/p>\n","protected":false},"author":7,"featured_media":0,"comment_status":"closed","ping_status":"closed","sticky":false,"template":"","format":"standard","meta":[],"categories":[2],"tags":[],"_links":{"self":[{"href":"http:\/\/ilan.tavsanli.bel.tr\/index.php\/wp-json\/wp\/v2\/posts\/8526"}],"collection":[{"href":"http:\/\/ilan.tavsanli.bel.tr\/index.php\/wp-json\/wp\/v2\/posts"}],"about":[{"href":"http:\/\/ilan.tavsanli.bel.tr\/index.php\/wp-json\/wp\/v2\/types\/post"}],"author":[{"embeddable":true,"href":"http:\/\/ilan.tavsanli.bel.tr\/index.php\/wp-json\/wp\/v2\/users\/7"}],"replies":[{"embeddable":true,"href":"http:\/\/ilan.tavsanli.bel.tr\/index.php\/wp-json\/wp\/v2\/comments?post=8526"}],"version-history":[{"count":1,"href":"http:\/\/ilan.tavsanli.bel.tr\/index.php\/wp-json\/wp\/v2\/posts\/8526\/revisions"}],"predecessor-version":[{"id":8527,"href":"http:\/\/ilan.tavsanli.bel.tr\/index.php\/wp-json\/wp\/v2\/posts\/8526\/revisions\/8527"}],"wp:attachment":[{"href":"http:\/\/ilan.tavsanli.bel.tr\/index.php\/wp-json\/wp\/v2\/media?parent=8526"}],"wp:term":[{"taxonomy":"category","embeddable":true,"href":"http:\/\/ilan.tavsanli.bel.tr\/index.php\/wp-json\/wp\/v2\/categories?post=8526"},{"taxonomy":"post_tag","embeddable":true,"href":"http:\/\/ilan.tavsanli.bel.tr\/index.php\/wp-json\/wp\/v2\/tags?post=8526"}],"curies":[{"name":"wp","href":"https:\/\/api.w.org\/{rel}","templated":true}]}}