{"id":8371,"date":"2025-04-06T08:05:20","date_gmt":"2025-04-06T08:05:20","guid":{"rendered":"http:\/\/ilan.tavsanli.bel.tr\/?p=8371"},"modified":"2025-04-06T08:05:20","modified_gmt":"2025-04-06T08:05:20","slug":"8371","status":"publish","type":"post","link":"http:\/\/ilan.tavsanli.bel.tr\/index.php\/2025\/04\/06\/8371\/","title":{"rendered":""},"content":{"rendered":"<p>Tun\u00e7bilek beldesinden merhum Ahmet Kavun&#8217;un k\u0131z\u0131, merhum Ali R\u0131za \u00d6ztemel&#8217;in gelini, Mustafa \u00d6ztemel&#8217;in e\u015fi, Selman ve Mustafa Kavun&#8217;un karde\u015fi, Rabia \u00d6ztemel&#8217;in annesi, EM\u0130NE \u00d6ZTEMEL vefat etmi\u015ftir. Cenazesi tun\u00e7bilek merkez camisinde k\u0131l\u0131nacak \u00f6\u011fle namaz\u0131n\u0131 m\u00fcteakip tun\u00e7bilek merkez mahallesi mezarl\u0131\u011f\u0131na defnedilecektir. Merhumeye Allah&#8217;tan rahmet ailesine ve yak\u0131nlar\u0131na ba\u015fsa\u011fl\u0131\u011f\u0131 dileriz.<\/p>\n","protected":false},"excerpt":{"rendered":"<p>Tun\u00e7bilek beldesinden merhum Ahmet Kavun&#8217;un k\u0131z\u0131, merhum Ali R\u0131za \u00d6ztemel&#8217;in gelini, Mustafa \u00d6ztemel&#8217;in e\u015fi, Selman ve Mustafa Kavun&#8217;un karde\u015fi, Rabia \u00d6ztemel&#8217;in annesi, EM\u0130NE \u00d6ZTEMEL vefat etmi\u015ftir. Cenazesi tun\u00e7bilek merkez camisinde k\u0131l\u0131nacak \u00f6\u011fle namaz\u0131n\u0131 m\u00fcteakip tun\u00e7bilek merkez mahallesi mezarl\u0131\u011f\u0131na defnedilecektir. Merhumeye Allah&#8217;tan rahmet ailesine ve yak\u0131nlar\u0131na ba\u015fsa\u011fl\u0131\u011f\u0131 dileriz.<\/p>\n","protected":false},"author":7,"featured_media":0,"comment_status":"closed","ping_status":"closed","sticky":false,"template":"","format":"standard","meta":[],"categories":[2],"tags":[],"_links":{"self":[{"href":"http:\/\/ilan.tavsanli.bel.tr\/index.php\/wp-json\/wp\/v2\/posts\/8371"}],"collection":[{"href":"http:\/\/ilan.tavsanli.bel.tr\/index.php\/wp-json\/wp\/v2\/posts"}],"about":[{"href":"http:\/\/ilan.tavsanli.bel.tr\/index.php\/wp-json\/wp\/v2\/types\/post"}],"author":[{"embeddable":true,"href":"http:\/\/ilan.tavsanli.bel.tr\/index.php\/wp-json\/wp\/v2\/users\/7"}],"replies":[{"embeddable":true,"href":"http:\/\/ilan.tavsanli.bel.tr\/index.php\/wp-json\/wp\/v2\/comments?post=8371"}],"version-history":[{"count":1,"href":"http:\/\/ilan.tavsanli.bel.tr\/index.php\/wp-json\/wp\/v2\/posts\/8371\/revisions"}],"predecessor-version":[{"id":8372,"href":"http:\/\/ilan.tavsanli.bel.tr\/index.php\/wp-json\/wp\/v2\/posts\/8371\/revisions\/8372"}],"wp:attachment":[{"href":"http:\/\/ilan.tavsanli.bel.tr\/index.php\/wp-json\/wp\/v2\/media?parent=8371"}],"wp:term":[{"taxonomy":"category","embeddable":true,"href":"http:\/\/ilan.tavsanli.bel.tr\/index.php\/wp-json\/wp\/v2\/categories?post=8371"},{"taxonomy":"post_tag","embeddable":true,"href":"http:\/\/ilan.tavsanli.bel.tr\/index.php\/wp-json\/wp\/v2\/tags?post=8371"}],"curies":[{"name":"wp","href":"https:\/\/api.w.org\/{rel}","templated":true}]}}