{"id":8343,"date":"2025-03-31T11:24:39","date_gmt":"2025-03-31T11:24:39","guid":{"rendered":"http:\/\/ilan.tavsanli.bel.tr\/?p=8343"},"modified":"2025-03-31T11:24:39","modified_gmt":"2025-03-31T11:24:39","slug":"8343","status":"publish","type":"post","link":"http:\/\/ilan.tavsanli.bel.tr\/index.php\/2025\/03\/31\/8343\/","title":{"rendered":""},"content":{"rendered":"<p>Beyk\u00f6y mahallesinden merhum Halil \u0130brahim Karatepe&#8217;nin e\u015fi, Ahmet ve Ya\u015far Karatepe&#8217;nin anneleri, Ali Karatepe ve Mehmet G\u00f6\u00e7eri&#8217;nin kay\u0131nvalidesi, EM\u0130NE KARATEPE vefat etmi\u015ftir. Cenazesi ikindi namaz\u0131n\u0131 m\u00fcteakip beyk\u00f6y mahallesi mezarl\u0131\u011f\u0131na defnedilecektir. Merhumeye Allah&#8217;tan rahmet ailesine ve yak\u0131nlar\u0131na ba\u015fsa\u011fl\u0131\u011f\u0131 dileriz.<\/p>\n","protected":false},"excerpt":{"rendered":"<p>Beyk\u00f6y mahallesinden merhum Halil \u0130brahim Karatepe&#8217;nin e\u015fi, Ahmet ve Ya\u015far Karatepe&#8217;nin anneleri, Ali Karatepe ve Mehmet G\u00f6\u00e7eri&#8217;nin kay\u0131nvalidesi, EM\u0130NE KARATEPE vefat etmi\u015ftir. Cenazesi ikindi namaz\u0131n\u0131 m\u00fcteakip beyk\u00f6y mahallesi mezarl\u0131\u011f\u0131na defnedilecektir. Merhumeye Allah&#8217;tan rahmet ailesine ve yak\u0131nlar\u0131na ba\u015fsa\u011fl\u0131\u011f\u0131 dileriz.<\/p>\n","protected":false},"author":7,"featured_media":0,"comment_status":"closed","ping_status":"closed","sticky":false,"template":"","format":"standard","meta":[],"categories":[2],"tags":[],"_links":{"self":[{"href":"http:\/\/ilan.tavsanli.bel.tr\/index.php\/wp-json\/wp\/v2\/posts\/8343"}],"collection":[{"href":"http:\/\/ilan.tavsanli.bel.tr\/index.php\/wp-json\/wp\/v2\/posts"}],"about":[{"href":"http:\/\/ilan.tavsanli.bel.tr\/index.php\/wp-json\/wp\/v2\/types\/post"}],"author":[{"embeddable":true,"href":"http:\/\/ilan.tavsanli.bel.tr\/index.php\/wp-json\/wp\/v2\/users\/7"}],"replies":[{"embeddable":true,"href":"http:\/\/ilan.tavsanli.bel.tr\/index.php\/wp-json\/wp\/v2\/comments?post=8343"}],"version-history":[{"count":1,"href":"http:\/\/ilan.tavsanli.bel.tr\/index.php\/wp-json\/wp\/v2\/posts\/8343\/revisions"}],"predecessor-version":[{"id":8344,"href":"http:\/\/ilan.tavsanli.bel.tr\/index.php\/wp-json\/wp\/v2\/posts\/8343\/revisions\/8344"}],"wp:attachment":[{"href":"http:\/\/ilan.tavsanli.bel.tr\/index.php\/wp-json\/wp\/v2\/media?parent=8343"}],"wp:term":[{"taxonomy":"category","embeddable":true,"href":"http:\/\/ilan.tavsanli.bel.tr\/index.php\/wp-json\/wp\/v2\/categories?post=8343"},{"taxonomy":"post_tag","embeddable":true,"href":"http:\/\/ilan.tavsanli.bel.tr\/index.php\/wp-json\/wp\/v2\/tags?post=8343"}],"curies":[{"name":"wp","href":"https:\/\/api.w.org\/{rel}","templated":true}]}}