{"id":8337,"date":"2025-03-29T11:54:41","date_gmt":"2025-03-29T11:54:41","guid":{"rendered":"http:\/\/ilan.tavsanli.bel.tr\/?p=8337"},"modified":"2025-03-29T11:54:41","modified_gmt":"2025-03-29T11:54:41","slug":"8337","status":"publish","type":"post","link":"http:\/\/ilan.tavsanli.bel.tr\/index.php\/2025\/03\/29\/8337\/","title":{"rendered":""},"content":{"rendered":"<p>Vak\u0131f k\u00f6yden Ramazan, Melahat ve Kevser Bilge&#8217;nin babalar\u0131, Ramazan \u00c7ullu&#8217;nun kay\u0131npederi, Mustafa, R\u0131za ve Remzi Bilge&#8217;nin karde\u015fi, devlet demiryollar\u0131ndan emekli MEHMET B\u0130LGE vefat etmi\u015ftir. Cenazesi ikindi namaz\u0131n\u0131 m\u00fcteakip vak\u0131f k\u00f6y mezarl\u0131\u011f\u0131na defnedilecektir. Merhuma Allahtan rahmet ailesine ve yak\u0131nlar\u0131na ba\u015fsa\u011fl\u0131\u011f\u0131 dileriz.<\/p>\n","protected":false},"excerpt":{"rendered":"<p>Vak\u0131f k\u00f6yden Ramazan, Melahat ve Kevser Bilge&#8217;nin babalar\u0131, Ramazan \u00c7ullu&#8217;nun kay\u0131npederi, Mustafa, R\u0131za ve Remzi Bilge&#8217;nin karde\u015fi, devlet demiryollar\u0131ndan emekli MEHMET B\u0130LGE vefat etmi\u015ftir. Cenazesi ikindi namaz\u0131n\u0131 m\u00fcteakip vak\u0131f k\u00f6y mezarl\u0131\u011f\u0131na defnedilecektir. Merhuma Allahtan rahmet ailesine ve yak\u0131nlar\u0131na ba\u015fsa\u011fl\u0131\u011f\u0131 dileriz.<\/p>\n","protected":false},"author":7,"featured_media":0,"comment_status":"closed","ping_status":"closed","sticky":false,"template":"","format":"standard","meta":[],"categories":[2],"tags":[],"_links":{"self":[{"href":"http:\/\/ilan.tavsanli.bel.tr\/index.php\/wp-json\/wp\/v2\/posts\/8337"}],"collection":[{"href":"http:\/\/ilan.tavsanli.bel.tr\/index.php\/wp-json\/wp\/v2\/posts"}],"about":[{"href":"http:\/\/ilan.tavsanli.bel.tr\/index.php\/wp-json\/wp\/v2\/types\/post"}],"author":[{"embeddable":true,"href":"http:\/\/ilan.tavsanli.bel.tr\/index.php\/wp-json\/wp\/v2\/users\/7"}],"replies":[{"embeddable":true,"href":"http:\/\/ilan.tavsanli.bel.tr\/index.php\/wp-json\/wp\/v2\/comments?post=8337"}],"version-history":[{"count":1,"href":"http:\/\/ilan.tavsanli.bel.tr\/index.php\/wp-json\/wp\/v2\/posts\/8337\/revisions"}],"predecessor-version":[{"id":8338,"href":"http:\/\/ilan.tavsanli.bel.tr\/index.php\/wp-json\/wp\/v2\/posts\/8337\/revisions\/8338"}],"wp:attachment":[{"href":"http:\/\/ilan.tavsanli.bel.tr\/index.php\/wp-json\/wp\/v2\/media?parent=8337"}],"wp:term":[{"taxonomy":"category","embeddable":true,"href":"http:\/\/ilan.tavsanli.bel.tr\/index.php\/wp-json\/wp\/v2\/categories?post=8337"},{"taxonomy":"post_tag","embeddable":true,"href":"http:\/\/ilan.tavsanli.bel.tr\/index.php\/wp-json\/wp\/v2\/tags?post=8337"}],"curies":[{"name":"wp","href":"https:\/\/api.w.org\/{rel}","templated":true}]}}