{"id":8331,"date":"2025-03-29T08:16:01","date_gmt":"2025-03-29T08:16:01","guid":{"rendered":"http:\/\/ilan.tavsanli.bel.tr\/?p=8331"},"modified":"2025-03-29T08:16:01","modified_gmt":"2025-03-29T08:16:01","slug":"8331","status":"publish","type":"post","link":"http:\/\/ilan.tavsanli.bel.tr\/index.php\/2025\/03\/29\/8331\/","title":{"rendered":""},"content":{"rendered":"<p>G\u00fcnl\u00fcce k\u00f6y\u00fcnden merhum H\u00fcseyin Co\u015far&#8217;\u0131n e\u015fi, Habip, Adem ve Hasan Co\u015far&#8217;\u0131n anneleri, vefat etmi\u015ftir. Cenazesi \u00f6\u011fle namaz\u0131n\u0131 m\u00fcteakip g\u00fcnl\u00fcce k\u00f6y\u00fc mezarl\u0131\u011f\u0131na defnedilecektir. Merhumeye Allah&#8217;tan rahmet ailesine ve yak\u0131nlar\u0131na ba\u015fsa\u011fl\u0131\u011f\u0131 dileriz.<\/p>\n","protected":false},"excerpt":{"rendered":"<p>G\u00fcnl\u00fcce k\u00f6y\u00fcnden merhum H\u00fcseyin Co\u015far&#8217;\u0131n e\u015fi, Habip, Adem ve Hasan Co\u015far&#8217;\u0131n anneleri, vefat etmi\u015ftir. Cenazesi \u00f6\u011fle namaz\u0131n\u0131 m\u00fcteakip g\u00fcnl\u00fcce k\u00f6y\u00fc mezarl\u0131\u011f\u0131na defnedilecektir. Merhumeye Allah&#8217;tan rahmet ailesine ve yak\u0131nlar\u0131na ba\u015fsa\u011fl\u0131\u011f\u0131 dileriz.<\/p>\n","protected":false},"author":7,"featured_media":0,"comment_status":"closed","ping_status":"closed","sticky":false,"template":"","format":"standard","meta":[],"categories":[2],"tags":[],"_links":{"self":[{"href":"http:\/\/ilan.tavsanli.bel.tr\/index.php\/wp-json\/wp\/v2\/posts\/8331"}],"collection":[{"href":"http:\/\/ilan.tavsanli.bel.tr\/index.php\/wp-json\/wp\/v2\/posts"}],"about":[{"href":"http:\/\/ilan.tavsanli.bel.tr\/index.php\/wp-json\/wp\/v2\/types\/post"}],"author":[{"embeddable":true,"href":"http:\/\/ilan.tavsanli.bel.tr\/index.php\/wp-json\/wp\/v2\/users\/7"}],"replies":[{"embeddable":true,"href":"http:\/\/ilan.tavsanli.bel.tr\/index.php\/wp-json\/wp\/v2\/comments?post=8331"}],"version-history":[{"count":1,"href":"http:\/\/ilan.tavsanli.bel.tr\/index.php\/wp-json\/wp\/v2\/posts\/8331\/revisions"}],"predecessor-version":[{"id":8332,"href":"http:\/\/ilan.tavsanli.bel.tr\/index.php\/wp-json\/wp\/v2\/posts\/8331\/revisions\/8332"}],"wp:attachment":[{"href":"http:\/\/ilan.tavsanli.bel.tr\/index.php\/wp-json\/wp\/v2\/media?parent=8331"}],"wp:term":[{"taxonomy":"category","embeddable":true,"href":"http:\/\/ilan.tavsanli.bel.tr\/index.php\/wp-json\/wp\/v2\/categories?post=8331"},{"taxonomy":"post_tag","embeddable":true,"href":"http:\/\/ilan.tavsanli.bel.tr\/index.php\/wp-json\/wp\/v2\/tags?post=8331"}],"curies":[{"name":"wp","href":"https:\/\/api.w.org\/{rel}","templated":true}]}}