{"id":8324,"date":"2025-03-28T08:37:24","date_gmt":"2025-03-28T08:37:24","guid":{"rendered":"http:\/\/ilan.tavsanli.bel.tr\/?p=8324"},"modified":"2025-03-28T08:37:40","modified_gmt":"2025-03-28T08:37:40","slug":"8324","status":"publish","type":"post","link":"http:\/\/ilan.tavsanli.bel.tr\/index.php\/2025\/03\/28\/8324\/","title":{"rendered":""},"content":{"rendered":"<p>K\u00f6pr\u00fccek k\u00f6y\u00fcnden merhum Hasan Kaya&#8217;n\u0131n o\u011flu, merhum Sait ve merhum Ahmet Kaya&#8217;n\u0131n karde\u015fi, Zabit Kaya&#8217;n\u0131n abisi, Halil ve Hasan Kaya&#8217;n\u0131n babalar\u0131, HASAN H\u00dcSEY\u0130N KAYA vefat etmi\u015ftir. Cenazesi cuma namaz\u0131n\u0131 m\u00fcteakip k\u00f6pr\u00fccek k\u00f6y\u00fc mezarl\u0131\u011f\u0131na defnedilecektir. Merhuma Allah&#8217;tan rahmet ailesine ve yak\u0131nlar\u0131na ba\u015fsa\u011fl\u0131\u011f\u0131 dileriz.<\/p>\n","protected":false},"excerpt":{"rendered":"<p>K\u00f6pr\u00fccek k\u00f6y\u00fcnden merhum Hasan Kaya&#8217;n\u0131n o\u011flu, merhum Sait ve merhum Ahmet Kaya&#8217;n\u0131n karde\u015fi, Zabit Kaya&#8217;n\u0131n abisi, Halil ve Hasan Kaya&#8217;n\u0131n babalar\u0131, HASAN H\u00dcSEY\u0130N KAYA vefat etmi\u015ftir. Cenazesi cuma namaz\u0131n\u0131 m\u00fcteakip k\u00f6pr\u00fccek k\u00f6y\u00fc mezarl\u0131\u011f\u0131na defnedilecektir. Merhuma Allah&#8217;tan rahmet ailesine ve yak\u0131nlar\u0131na ba\u015fsa\u011fl\u0131\u011f\u0131 dileriz.<\/p>\n","protected":false},"author":7,"featured_media":0,"comment_status":"closed","ping_status":"closed","sticky":false,"template":"","format":"standard","meta":[],"categories":[2],"tags":[],"_links":{"self":[{"href":"http:\/\/ilan.tavsanli.bel.tr\/index.php\/wp-json\/wp\/v2\/posts\/8324"}],"collection":[{"href":"http:\/\/ilan.tavsanli.bel.tr\/index.php\/wp-json\/wp\/v2\/posts"}],"about":[{"href":"http:\/\/ilan.tavsanli.bel.tr\/index.php\/wp-json\/wp\/v2\/types\/post"}],"author":[{"embeddable":true,"href":"http:\/\/ilan.tavsanli.bel.tr\/index.php\/wp-json\/wp\/v2\/users\/7"}],"replies":[{"embeddable":true,"href":"http:\/\/ilan.tavsanli.bel.tr\/index.php\/wp-json\/wp\/v2\/comments?post=8324"}],"version-history":[{"count":2,"href":"http:\/\/ilan.tavsanli.bel.tr\/index.php\/wp-json\/wp\/v2\/posts\/8324\/revisions"}],"predecessor-version":[{"id":8326,"href":"http:\/\/ilan.tavsanli.bel.tr\/index.php\/wp-json\/wp\/v2\/posts\/8324\/revisions\/8326"}],"wp:attachment":[{"href":"http:\/\/ilan.tavsanli.bel.tr\/index.php\/wp-json\/wp\/v2\/media?parent=8324"}],"wp:term":[{"taxonomy":"category","embeddable":true,"href":"http:\/\/ilan.tavsanli.bel.tr\/index.php\/wp-json\/wp\/v2\/categories?post=8324"},{"taxonomy":"post_tag","embeddable":true,"href":"http:\/\/ilan.tavsanli.bel.tr\/index.php\/wp-json\/wp\/v2\/tags?post=8324"}],"curies":[{"name":"wp","href":"https:\/\/api.w.org\/{rel}","templated":true}]}}