{"id":8322,"date":"2025-03-28T08:36:36","date_gmt":"2025-03-28T08:36:36","guid":{"rendered":"http:\/\/ilan.tavsanli.bel.tr\/?p=8322"},"modified":"2025-03-28T08:36:36","modified_gmt":"2025-03-28T08:36:36","slug":"8322","status":"publish","type":"post","link":"http:\/\/ilan.tavsanli.bel.tr\/index.php\/2025\/03\/28\/8322\/","title":{"rendered":""},"content":{"rendered":"<p><span data-offset-key=\"15dgp-0-0\">Duda\u015f k\u00f6y\u00fcnden merhum Hasan \u0130sen\u2019in e\u015fi, Mehmet Arslanbo\u011fa ve merhum Mustafa Aykul\u2019un kay\u0131nvalidesi, HAVVA \u0130SEN vefat etmi\u015ftir. Cenazesi ba\u011fl\u0131k camisinde k\u0131l\u0131nacak cuma namaz\u0131n\u0131 m\u00fcteakip \u00e7ukurk\u00f6t mahallesi mezarl\u0131\u011f\u0131na defnedilecektir. <\/span><span data-offset-key=\"15dgp-1-0\">Merhumeye<\/span><span data-offset-key=\"15dgp-2-0\"> Allah&#8217;tan rahmet ailesine ve yak\u0131nlar\u0131na ba\u015fsa\u011fl\u0131\u011f\u0131 dileriz.<\/span><\/p>\n","protected":false},"excerpt":{"rendered":"<p>Duda\u015f k\u00f6y\u00fcnden merhum Hasan \u0130sen\u2019in e\u015fi, Mehmet Arslanbo\u011fa ve merhum Mustafa Aykul\u2019un kay\u0131nvalidesi, HAVVA \u0130SEN vefat etmi\u015ftir. Cenazesi ba\u011fl\u0131k camisinde k\u0131l\u0131nacak cuma namaz\u0131n\u0131 m\u00fcteakip \u00e7ukurk\u00f6t mahallesi mezarl\u0131\u011f\u0131na defnedilecektir. Merhumeye Allah&#8217;tan rahmet ailesine ve yak\u0131nlar\u0131na ba\u015fsa\u011fl\u0131\u011f\u0131 dileriz.<\/p>\n","protected":false},"author":7,"featured_media":0,"comment_status":"closed","ping_status":"closed","sticky":false,"template":"","format":"standard","meta":[],"categories":[2],"tags":[],"_links":{"self":[{"href":"http:\/\/ilan.tavsanli.bel.tr\/index.php\/wp-json\/wp\/v2\/posts\/8322"}],"collection":[{"href":"http:\/\/ilan.tavsanli.bel.tr\/index.php\/wp-json\/wp\/v2\/posts"}],"about":[{"href":"http:\/\/ilan.tavsanli.bel.tr\/index.php\/wp-json\/wp\/v2\/types\/post"}],"author":[{"embeddable":true,"href":"http:\/\/ilan.tavsanli.bel.tr\/index.php\/wp-json\/wp\/v2\/users\/7"}],"replies":[{"embeddable":true,"href":"http:\/\/ilan.tavsanli.bel.tr\/index.php\/wp-json\/wp\/v2\/comments?post=8322"}],"version-history":[{"count":1,"href":"http:\/\/ilan.tavsanli.bel.tr\/index.php\/wp-json\/wp\/v2\/posts\/8322\/revisions"}],"predecessor-version":[{"id":8323,"href":"http:\/\/ilan.tavsanli.bel.tr\/index.php\/wp-json\/wp\/v2\/posts\/8322\/revisions\/8323"}],"wp:attachment":[{"href":"http:\/\/ilan.tavsanli.bel.tr\/index.php\/wp-json\/wp\/v2\/media?parent=8322"}],"wp:term":[{"taxonomy":"category","embeddable":true,"href":"http:\/\/ilan.tavsanli.bel.tr\/index.php\/wp-json\/wp\/v2\/categories?post=8322"},{"taxonomy":"post_tag","embeddable":true,"href":"http:\/\/ilan.tavsanli.bel.tr\/index.php\/wp-json\/wp\/v2\/tags?post=8322"}],"curies":[{"name":"wp","href":"https:\/\/api.w.org\/{rel}","templated":true}]}}