{"id":8318,"date":"2025-03-27T08:11:21","date_gmt":"2025-03-27T08:11:21","guid":{"rendered":"http:\/\/ilan.tavsanli.bel.tr\/?p=8318"},"modified":"2025-03-27T08:11:21","modified_gmt":"2025-03-27T08:11:21","slug":"8318","status":"publish","type":"post","link":"http:\/\/ilan.tavsanli.bel.tr\/index.php\/2025\/03\/27\/8318\/","title":{"rendered":""},"content":{"rendered":"<p><span data-offset-key=\"bevpl-1-0\">Emet<\/span><span data-offset-key=\"bevpl-2-0\"> s\u00fclye \u0131\u015f\u0131kl\u0131 k\u00f6y\u00fcnden merhum hac\u0131 Halil Dursun\u2019un k\u0131z\u0131, Sabri Dikmen\u2019in e\u015fi, Ay\u015fe S\u00fczen, Kadir ve Hakk\u0131 Dursun\u2019un karde\u015fi, \u015eEF\u0130KA D\u0130KMEN vefat etmi\u015ftir. Cenazesi ye\u015fil camide k\u0131l\u0131nacak \u00f6\u011fle namaz\u0131n\u0131 m\u00fcteakip tav\u015fanl\u0131 mezarl\u0131\u011f\u0131na defnedilecektir. Merhuma Allah&#8217;tan rahmet ailesine ve yak\u0131nlar\u0131na ba\u015fsa\u011fl\u0131\u011f\u0131 dileriz.<\/span><\/p>\n","protected":false},"excerpt":{"rendered":"<p>Emet s\u00fclye \u0131\u015f\u0131kl\u0131 k\u00f6y\u00fcnden merhum hac\u0131 Halil Dursun\u2019un k\u0131z\u0131, Sabri Dikmen\u2019in e\u015fi, Ay\u015fe S\u00fczen, Kadir ve Hakk\u0131 Dursun\u2019un karde\u015fi, \u015eEF\u0130KA D\u0130KMEN vefat etmi\u015ftir. Cenazesi ye\u015fil camide k\u0131l\u0131nacak \u00f6\u011fle namaz\u0131n\u0131 m\u00fcteakip tav\u015fanl\u0131 mezarl\u0131\u011f\u0131na defnedilecektir. Merhuma Allah&#8217;tan rahmet ailesine ve yak\u0131nlar\u0131na ba\u015fsa\u011fl\u0131\u011f\u0131 dileriz.<\/p>\n","protected":false},"author":7,"featured_media":0,"comment_status":"closed","ping_status":"closed","sticky":false,"template":"","format":"standard","meta":[],"categories":[2],"tags":[],"_links":{"self":[{"href":"http:\/\/ilan.tavsanli.bel.tr\/index.php\/wp-json\/wp\/v2\/posts\/8318"}],"collection":[{"href":"http:\/\/ilan.tavsanli.bel.tr\/index.php\/wp-json\/wp\/v2\/posts"}],"about":[{"href":"http:\/\/ilan.tavsanli.bel.tr\/index.php\/wp-json\/wp\/v2\/types\/post"}],"author":[{"embeddable":true,"href":"http:\/\/ilan.tavsanli.bel.tr\/index.php\/wp-json\/wp\/v2\/users\/7"}],"replies":[{"embeddable":true,"href":"http:\/\/ilan.tavsanli.bel.tr\/index.php\/wp-json\/wp\/v2\/comments?post=8318"}],"version-history":[{"count":1,"href":"http:\/\/ilan.tavsanli.bel.tr\/index.php\/wp-json\/wp\/v2\/posts\/8318\/revisions"}],"predecessor-version":[{"id":8319,"href":"http:\/\/ilan.tavsanli.bel.tr\/index.php\/wp-json\/wp\/v2\/posts\/8318\/revisions\/8319"}],"wp:attachment":[{"href":"http:\/\/ilan.tavsanli.bel.tr\/index.php\/wp-json\/wp\/v2\/media?parent=8318"}],"wp:term":[{"taxonomy":"category","embeddable":true,"href":"http:\/\/ilan.tavsanli.bel.tr\/index.php\/wp-json\/wp\/v2\/categories?post=8318"},{"taxonomy":"post_tag","embeddable":true,"href":"http:\/\/ilan.tavsanli.bel.tr\/index.php\/wp-json\/wp\/v2\/tags?post=8318"}],"curies":[{"name":"wp","href":"https:\/\/api.w.org\/{rel}","templated":true}]}}