{"id":8291,"date":"2025-03-21T08:25:56","date_gmt":"2025-03-21T08:25:56","guid":{"rendered":"http:\/\/ilan.tavsanli.bel.tr\/?p=8291"},"modified":"2025-03-21T08:25:56","modified_gmt":"2025-03-21T08:25:56","slug":"8291","status":"publish","type":"post","link":"http:\/\/ilan.tavsanli.bel.tr\/index.php\/2025\/03\/21\/8291\/","title":{"rendered":""},"content":{"rendered":"<p><span data-offset-key=\"ave41-1-0\">Emet<\/span><span data-offset-key=\"ave41-2-0\"> dereli k\u00f6y\u00fcnden merhum hac\u0131 Hasan Korkmaz\u2019\u0131n e\u015fi, \u0130smail, Fatma, S\u00fcleyman, H\u00fcseyin, Hasan ve merhum Hasibe Korkmaz\u2019\u0131n anneleri, Osman Korkmaz ve merhum \u00d6mer Elibol\u2019un kay\u0131nvalidesi, hac\u0131 AL\u0130ME KORKMAZ vefat etmi\u015ftir. Cenazesi cuma namaz\u0131n\u0131 m\u00fcteakip emet dereli k\u00f6y\u00fc mezarl\u0131\u011f\u0131na defnedilecektir. Merhumeye Allah&#8217;tan rahmet ailesine ve yak\u0131nlar\u0131na ba\u015fsa\u011fl\u0131\u011f\u0131 dileriz.<\/span><\/p>\n","protected":false},"excerpt":{"rendered":"<p>Emet dereli k\u00f6y\u00fcnden merhum hac\u0131 Hasan Korkmaz\u2019\u0131n e\u015fi, \u0130smail, Fatma, S\u00fcleyman, H\u00fcseyin, Hasan ve merhum Hasibe Korkmaz\u2019\u0131n anneleri, Osman Korkmaz ve merhum \u00d6mer Elibol\u2019un kay\u0131nvalidesi, hac\u0131 AL\u0130ME KORKMAZ vefat etmi\u015ftir. Cenazesi cuma namaz\u0131n\u0131 m\u00fcteakip emet dereli k\u00f6y\u00fc mezarl\u0131\u011f\u0131na defnedilecektir. Merhumeye Allah&#8217;tan rahmet ailesine ve yak\u0131nlar\u0131na ba\u015fsa\u011fl\u0131\u011f\u0131 dileriz.<\/p>\n","protected":false},"author":7,"featured_media":0,"comment_status":"closed","ping_status":"closed","sticky":false,"template":"","format":"standard","meta":[],"categories":[2],"tags":[],"_links":{"self":[{"href":"http:\/\/ilan.tavsanli.bel.tr\/index.php\/wp-json\/wp\/v2\/posts\/8291"}],"collection":[{"href":"http:\/\/ilan.tavsanli.bel.tr\/index.php\/wp-json\/wp\/v2\/posts"}],"about":[{"href":"http:\/\/ilan.tavsanli.bel.tr\/index.php\/wp-json\/wp\/v2\/types\/post"}],"author":[{"embeddable":true,"href":"http:\/\/ilan.tavsanli.bel.tr\/index.php\/wp-json\/wp\/v2\/users\/7"}],"replies":[{"embeddable":true,"href":"http:\/\/ilan.tavsanli.bel.tr\/index.php\/wp-json\/wp\/v2\/comments?post=8291"}],"version-history":[{"count":1,"href":"http:\/\/ilan.tavsanli.bel.tr\/index.php\/wp-json\/wp\/v2\/posts\/8291\/revisions"}],"predecessor-version":[{"id":8292,"href":"http:\/\/ilan.tavsanli.bel.tr\/index.php\/wp-json\/wp\/v2\/posts\/8291\/revisions\/8292"}],"wp:attachment":[{"href":"http:\/\/ilan.tavsanli.bel.tr\/index.php\/wp-json\/wp\/v2\/media?parent=8291"}],"wp:term":[{"taxonomy":"category","embeddable":true,"href":"http:\/\/ilan.tavsanli.bel.tr\/index.php\/wp-json\/wp\/v2\/categories?post=8291"},{"taxonomy":"post_tag","embeddable":true,"href":"http:\/\/ilan.tavsanli.bel.tr\/index.php\/wp-json\/wp\/v2\/tags?post=8291"}],"curies":[{"name":"wp","href":"https:\/\/api.w.org\/{rel}","templated":true}]}}