{"id":8273,"date":"2025-03-17T08:12:46","date_gmt":"2025-03-17T08:12:46","guid":{"rendered":"http:\/\/ilan.tavsanli.bel.tr\/?p=8273"},"modified":"2025-03-17T08:12:46","modified_gmt":"2025-03-17T08:12:46","slug":"8273","status":"publish","type":"post","link":"http:\/\/ilan.tavsanli.bel.tr\/index.php\/2025\/03\/17\/8273\/","title":{"rendered":""},"content":{"rendered":"<p><span data-offset-key=\"ciq9a-1-0\">Merhum<\/span><span data-offset-key=\"ciq9a-2-0\"> Ali \u015eevik\u2019in e\u015fi Adem Ak\u00e7a, Fatma \u00d6zay, merhum Ali ve merhum Mehmet Ak\u00e7a\u2019n\u0131n karde\u015fi, \u0130dris Ak\u00e7a, Ahmet Saka, Mehmet Kara ve Ahmet \u00c7elikel\u2019in kay\u0131nvalidesi, HAN\u0130FE \u015eEV\u0130K vefat etmi\u015ftir. Cenazesi aslanbey camisinde k\u0131l\u0131nacak \u00f6\u011fle namaz\u0131n\u0131 m\u00fcteakip yeni yaylac\u0131k mezarl\u0131\u011f\u0131na defnedilecektir. Merhumeye Allah&#8217;tan rahmet ailesine ve yak\u0131nlar\u0131na ba\u015fsa\u011fl\u0131\u011f\u0131 dileriz.<\/span><\/p>\n","protected":false},"excerpt":{"rendered":"<p>Merhum Ali \u015eevik\u2019in e\u015fi Adem Ak\u00e7a, Fatma \u00d6zay, merhum Ali ve merhum Mehmet Ak\u00e7a\u2019n\u0131n karde\u015fi, \u0130dris Ak\u00e7a, Ahmet Saka, Mehmet Kara ve Ahmet \u00c7elikel\u2019in kay\u0131nvalidesi, HAN\u0130FE \u015eEV\u0130K vefat etmi\u015ftir. Cenazesi aslanbey camisinde k\u0131l\u0131nacak \u00f6\u011fle namaz\u0131n\u0131 m\u00fcteakip yeni yaylac\u0131k mezarl\u0131\u011f\u0131na defnedilecektir. Merhumeye Allah&#8217;tan rahmet ailesine ve yak\u0131nlar\u0131na ba\u015fsa\u011fl\u0131\u011f\u0131 dileriz.<\/p>\n","protected":false},"author":7,"featured_media":0,"comment_status":"closed","ping_status":"closed","sticky":false,"template":"","format":"standard","meta":[],"categories":[2],"tags":[],"_links":{"self":[{"href":"http:\/\/ilan.tavsanli.bel.tr\/index.php\/wp-json\/wp\/v2\/posts\/8273"}],"collection":[{"href":"http:\/\/ilan.tavsanli.bel.tr\/index.php\/wp-json\/wp\/v2\/posts"}],"about":[{"href":"http:\/\/ilan.tavsanli.bel.tr\/index.php\/wp-json\/wp\/v2\/types\/post"}],"author":[{"embeddable":true,"href":"http:\/\/ilan.tavsanli.bel.tr\/index.php\/wp-json\/wp\/v2\/users\/7"}],"replies":[{"embeddable":true,"href":"http:\/\/ilan.tavsanli.bel.tr\/index.php\/wp-json\/wp\/v2\/comments?post=8273"}],"version-history":[{"count":1,"href":"http:\/\/ilan.tavsanli.bel.tr\/index.php\/wp-json\/wp\/v2\/posts\/8273\/revisions"}],"predecessor-version":[{"id":8274,"href":"http:\/\/ilan.tavsanli.bel.tr\/index.php\/wp-json\/wp\/v2\/posts\/8273\/revisions\/8274"}],"wp:attachment":[{"href":"http:\/\/ilan.tavsanli.bel.tr\/index.php\/wp-json\/wp\/v2\/media?parent=8273"}],"wp:term":[{"taxonomy":"category","embeddable":true,"href":"http:\/\/ilan.tavsanli.bel.tr\/index.php\/wp-json\/wp\/v2\/categories?post=8273"},{"taxonomy":"post_tag","embeddable":true,"href":"http:\/\/ilan.tavsanli.bel.tr\/index.php\/wp-json\/wp\/v2\/tags?post=8273"}],"curies":[{"name":"wp","href":"https:\/\/api.w.org\/{rel}","templated":true}]}}