{"id":8269,"date":"2025-03-16T11:41:13","date_gmt":"2025-03-16T11:41:13","guid":{"rendered":"http:\/\/ilan.tavsanli.bel.tr\/?p=8269"},"modified":"2025-03-16T11:41:13","modified_gmt":"2025-03-16T11:41:13","slug":"8269","status":"publish","type":"post","link":"http:\/\/ilan.tavsanli.bel.tr\/index.php\/2025\/03\/16\/8269\/","title":{"rendered":""},"content":{"rendered":"<p>\u00c7ukurk\u00f6y mahallesinden merhum Hasan Toker&#8217;in o\u011flu, Fatma Toker&#8217;in e\u015fi, merhum Mehmet Ali ve merhum Selahattin Toker&#8217;in karde\u015fi, Fahri ve merhum \u015eenay Toker&#8217;in babalar\u0131, hac\u0131 \u0130SMA\u0130L TOKER vefat etmi\u015ftir. Cenazesi ikindi namaz\u0131n\u0131 m\u00fcteakip \u00e7ukurk\u00f6y mahallesi mezarl\u0131\u011f\u0131na defnedilecektir. Merhuma Allah&#8217;tan rahmet ailesine ve yak\u0131nlar\u0131na ba\u015fsa\u011fl\u0131\u011f\u0131 dileriz.<\/p>\n","protected":false},"excerpt":{"rendered":"<p>\u00c7ukurk\u00f6y mahallesinden merhum Hasan Toker&#8217;in o\u011flu, Fatma Toker&#8217;in e\u015fi, merhum Mehmet Ali ve merhum Selahattin Toker&#8217;in karde\u015fi, Fahri ve merhum \u015eenay Toker&#8217;in babalar\u0131, hac\u0131 \u0130SMA\u0130L TOKER vefat etmi\u015ftir. Cenazesi ikindi namaz\u0131n\u0131 m\u00fcteakip \u00e7ukurk\u00f6y mahallesi mezarl\u0131\u011f\u0131na defnedilecektir. Merhuma Allah&#8217;tan rahmet ailesine ve yak\u0131nlar\u0131na ba\u015fsa\u011fl\u0131\u011f\u0131 dileriz.<\/p>\n","protected":false},"author":7,"featured_media":0,"comment_status":"closed","ping_status":"closed","sticky":false,"template":"","format":"standard","meta":[],"categories":[2],"tags":[],"_links":{"self":[{"href":"http:\/\/ilan.tavsanli.bel.tr\/index.php\/wp-json\/wp\/v2\/posts\/8269"}],"collection":[{"href":"http:\/\/ilan.tavsanli.bel.tr\/index.php\/wp-json\/wp\/v2\/posts"}],"about":[{"href":"http:\/\/ilan.tavsanli.bel.tr\/index.php\/wp-json\/wp\/v2\/types\/post"}],"author":[{"embeddable":true,"href":"http:\/\/ilan.tavsanli.bel.tr\/index.php\/wp-json\/wp\/v2\/users\/7"}],"replies":[{"embeddable":true,"href":"http:\/\/ilan.tavsanli.bel.tr\/index.php\/wp-json\/wp\/v2\/comments?post=8269"}],"version-history":[{"count":1,"href":"http:\/\/ilan.tavsanli.bel.tr\/index.php\/wp-json\/wp\/v2\/posts\/8269\/revisions"}],"predecessor-version":[{"id":8270,"href":"http:\/\/ilan.tavsanli.bel.tr\/index.php\/wp-json\/wp\/v2\/posts\/8269\/revisions\/8270"}],"wp:attachment":[{"href":"http:\/\/ilan.tavsanli.bel.tr\/index.php\/wp-json\/wp\/v2\/media?parent=8269"}],"wp:term":[{"taxonomy":"category","embeddable":true,"href":"http:\/\/ilan.tavsanli.bel.tr\/index.php\/wp-json\/wp\/v2\/categories?post=8269"},{"taxonomy":"post_tag","embeddable":true,"href":"http:\/\/ilan.tavsanli.bel.tr\/index.php\/wp-json\/wp\/v2\/tags?post=8269"}],"curies":[{"name":"wp","href":"https:\/\/api.w.org\/{rel}","templated":true}]}}