{"id":8254,"date":"2025-03-13T08:13:33","date_gmt":"2025-03-13T08:13:33","guid":{"rendered":"http:\/\/ilan.tavsanli.bel.tr\/?p=8254"},"modified":"2025-03-13T08:13:33","modified_gmt":"2025-03-13T08:13:33","slug":"8254","status":"publish","type":"post","link":"http:\/\/ilan.tavsanli.bel.tr\/index.php\/2025\/03\/13\/8254\/","title":{"rendered":""},"content":{"rendered":"<p>S\u00fcleyman Duran\u2019\u0131n karde\u015fi, Hacer, Kamil ve Mehmet Duran\u2019\u0131n babalar\u0131, Yasin Ka\u00e7ar\u2019\u0131n kay\u0131npederi, orman i\u015fletmesinden emekli AHMET DURAN vefat etmi\u015ftir. Cenazesi \u00f6\u011fle namaz\u0131n\u0131 m\u00fcteakip kay\u0131k\u00f6y mezarl\u0131\u011f\u0131na defnedilecektir. Merhuma Allah\u2019tan rahmet ailesine ve yak\u0131nlar\u0131na ba\u015fsa\u011fl\u0131\u011f\u0131 dileriz.<\/p>\n","protected":false},"excerpt":{"rendered":"<p>S\u00fcleyman Duran\u2019\u0131n karde\u015fi, Hacer, Kamil ve Mehmet Duran\u2019\u0131n babalar\u0131, Yasin Ka\u00e7ar\u2019\u0131n kay\u0131npederi, orman i\u015fletmesinden emekli AHMET DURAN vefat etmi\u015ftir. Cenazesi \u00f6\u011fle namaz\u0131n\u0131 m\u00fcteakip kay\u0131k\u00f6y mezarl\u0131\u011f\u0131na defnedilecektir. Merhuma Allah\u2019tan rahmet ailesine ve yak\u0131nlar\u0131na ba\u015fsa\u011fl\u0131\u011f\u0131 dileriz.<\/p>\n","protected":false},"author":7,"featured_media":0,"comment_status":"closed","ping_status":"closed","sticky":false,"template":"","format":"standard","meta":[],"categories":[2],"tags":[],"_links":{"self":[{"href":"http:\/\/ilan.tavsanli.bel.tr\/index.php\/wp-json\/wp\/v2\/posts\/8254"}],"collection":[{"href":"http:\/\/ilan.tavsanli.bel.tr\/index.php\/wp-json\/wp\/v2\/posts"}],"about":[{"href":"http:\/\/ilan.tavsanli.bel.tr\/index.php\/wp-json\/wp\/v2\/types\/post"}],"author":[{"embeddable":true,"href":"http:\/\/ilan.tavsanli.bel.tr\/index.php\/wp-json\/wp\/v2\/users\/7"}],"replies":[{"embeddable":true,"href":"http:\/\/ilan.tavsanli.bel.tr\/index.php\/wp-json\/wp\/v2\/comments?post=8254"}],"version-history":[{"count":1,"href":"http:\/\/ilan.tavsanli.bel.tr\/index.php\/wp-json\/wp\/v2\/posts\/8254\/revisions"}],"predecessor-version":[{"id":8255,"href":"http:\/\/ilan.tavsanli.bel.tr\/index.php\/wp-json\/wp\/v2\/posts\/8254\/revisions\/8255"}],"wp:attachment":[{"href":"http:\/\/ilan.tavsanli.bel.tr\/index.php\/wp-json\/wp\/v2\/media?parent=8254"}],"wp:term":[{"taxonomy":"category","embeddable":true,"href":"http:\/\/ilan.tavsanli.bel.tr\/index.php\/wp-json\/wp\/v2\/categories?post=8254"},{"taxonomy":"post_tag","embeddable":true,"href":"http:\/\/ilan.tavsanli.bel.tr\/index.php\/wp-json\/wp\/v2\/tags?post=8254"}],"curies":[{"name":"wp","href":"https:\/\/api.w.org\/{rel}","templated":true}]}}