{"id":8250,"date":"2025-03-12T11:05:55","date_gmt":"2025-03-12T11:05:55","guid":{"rendered":"http:\/\/ilan.tavsanli.bel.tr\/?p=8250"},"modified":"2025-03-12T11:05:55","modified_gmt":"2025-03-12T11:05:55","slug":"8250","status":"publish","type":"post","link":"http:\/\/ilan.tavsanli.bel.tr\/index.php\/2025\/03\/12\/8250\/","title":{"rendered":""},"content":{"rendered":"<p><span data-offset-key=\"76vvf-1-0\">Tepecik<\/span><span data-offset-key=\"76vvf-2-0\"> beldesinden merhum Abdullah \u00d6zcan&#8217;\u0131n e\u015fi, Emine, Havva ve Sadriye \u00d6zcan&#8217;\u0131n anneleri, Y\u00fccel Atay, Kadir Soydin ve H\u00fcseyin \u00c7oky\u0131lmaz&#8217;\u0131n kay\u0131nvalidesi, FATMA \u00d6ZCAN vefat etmi\u015ftir. Cenazesi ikindi namaz\u0131n\u0131 m\u00fcteakip tepecik belde mezarl\u0131\u011f\u0131na defnedilecektir. Merhumeye Allah&#8217;tan rahmet ailesine ve yak\u0131nlar\u0131na ba\u015fsa\u011fl\u0131\u011f\u0131 dileriz.<\/span><\/p>\n","protected":false},"excerpt":{"rendered":"<p>Tepecik beldesinden merhum Abdullah \u00d6zcan&#8217;\u0131n e\u015fi, Emine, Havva ve Sadriye \u00d6zcan&#8217;\u0131n anneleri, Y\u00fccel Atay, Kadir Soydin ve H\u00fcseyin \u00c7oky\u0131lmaz&#8217;\u0131n kay\u0131nvalidesi, FATMA \u00d6ZCAN vefat etmi\u015ftir. Cenazesi ikindi namaz\u0131n\u0131 m\u00fcteakip tepecik belde mezarl\u0131\u011f\u0131na defnedilecektir. Merhumeye Allah&#8217;tan rahmet ailesine ve yak\u0131nlar\u0131na ba\u015fsa\u011fl\u0131\u011f\u0131 dileriz.<\/p>\n","protected":false},"author":7,"featured_media":0,"comment_status":"closed","ping_status":"closed","sticky":false,"template":"","format":"standard","meta":[],"categories":[2],"tags":[],"_links":{"self":[{"href":"http:\/\/ilan.tavsanli.bel.tr\/index.php\/wp-json\/wp\/v2\/posts\/8250"}],"collection":[{"href":"http:\/\/ilan.tavsanli.bel.tr\/index.php\/wp-json\/wp\/v2\/posts"}],"about":[{"href":"http:\/\/ilan.tavsanli.bel.tr\/index.php\/wp-json\/wp\/v2\/types\/post"}],"author":[{"embeddable":true,"href":"http:\/\/ilan.tavsanli.bel.tr\/index.php\/wp-json\/wp\/v2\/users\/7"}],"replies":[{"embeddable":true,"href":"http:\/\/ilan.tavsanli.bel.tr\/index.php\/wp-json\/wp\/v2\/comments?post=8250"}],"version-history":[{"count":1,"href":"http:\/\/ilan.tavsanli.bel.tr\/index.php\/wp-json\/wp\/v2\/posts\/8250\/revisions"}],"predecessor-version":[{"id":8251,"href":"http:\/\/ilan.tavsanli.bel.tr\/index.php\/wp-json\/wp\/v2\/posts\/8250\/revisions\/8251"}],"wp:attachment":[{"href":"http:\/\/ilan.tavsanli.bel.tr\/index.php\/wp-json\/wp\/v2\/media?parent=8250"}],"wp:term":[{"taxonomy":"category","embeddable":true,"href":"http:\/\/ilan.tavsanli.bel.tr\/index.php\/wp-json\/wp\/v2\/categories?post=8250"},{"taxonomy":"post_tag","embeddable":true,"href":"http:\/\/ilan.tavsanli.bel.tr\/index.php\/wp-json\/wp\/v2\/tags?post=8250"}],"curies":[{"name":"wp","href":"https:\/\/api.w.org\/{rel}","templated":true}]}}