{"id":8248,"date":"2025-03-12T11:05:31","date_gmt":"2025-03-12T11:05:31","guid":{"rendered":"http:\/\/ilan.tavsanli.bel.tr\/?p=8248"},"modified":"2025-03-12T11:05:31","modified_gmt":"2025-03-12T11:05:31","slug":"8248","status":"publish","type":"post","link":"http:\/\/ilan.tavsanli.bel.tr\/index.php\/2025\/03\/12\/8248\/","title":{"rendered":""},"content":{"rendered":"<p>Domani\u00e7 muhac\u0131rlar k\u00f6y\u00fcnden \u0130brahim Ayy\u0131ld\u0131z&#8217;\u0131n e\u015fi, Selim Ayy\u0131ld\u0131z&#8217;\u0131n annesi, Mustafa Abay, Ya\u015far \u00c7elikler ve Ali Abay&#8217;\u0131n kay\u0131nvalidesi, UMMUHAN AYYILDIZ vefat etmi\u015ftir. Cenazesi ikindi namaz\u0131n\u0131 m\u00fcteakip muhac\u0131rlar k\u00f6y\u00fc mezarl\u0131\u011f\u0131na defnedilecektir. Merhumeye Allah\u2019tan rahmet ailesine ve yak\u0131nlar\u0131na ba\u015fsa\u011fl\u0131\u011f\u0131 dileriz.<\/p>\n","protected":false},"excerpt":{"rendered":"<p>Domani\u00e7 muhac\u0131rlar k\u00f6y\u00fcnden \u0130brahim Ayy\u0131ld\u0131z&#8217;\u0131n e\u015fi, Selim Ayy\u0131ld\u0131z&#8217;\u0131n annesi, Mustafa Abay, Ya\u015far \u00c7elikler ve Ali Abay&#8217;\u0131n kay\u0131nvalidesi, UMMUHAN AYYILDIZ vefat etmi\u015ftir. Cenazesi ikindi namaz\u0131n\u0131 m\u00fcteakip muhac\u0131rlar k\u00f6y\u00fc mezarl\u0131\u011f\u0131na defnedilecektir. Merhumeye Allah\u2019tan rahmet ailesine ve yak\u0131nlar\u0131na ba\u015fsa\u011fl\u0131\u011f\u0131 dileriz.<\/p>\n","protected":false},"author":7,"featured_media":0,"comment_status":"closed","ping_status":"closed","sticky":false,"template":"","format":"standard","meta":[],"categories":[2],"tags":[],"_links":{"self":[{"href":"http:\/\/ilan.tavsanli.bel.tr\/index.php\/wp-json\/wp\/v2\/posts\/8248"}],"collection":[{"href":"http:\/\/ilan.tavsanli.bel.tr\/index.php\/wp-json\/wp\/v2\/posts"}],"about":[{"href":"http:\/\/ilan.tavsanli.bel.tr\/index.php\/wp-json\/wp\/v2\/types\/post"}],"author":[{"embeddable":true,"href":"http:\/\/ilan.tavsanli.bel.tr\/index.php\/wp-json\/wp\/v2\/users\/7"}],"replies":[{"embeddable":true,"href":"http:\/\/ilan.tavsanli.bel.tr\/index.php\/wp-json\/wp\/v2\/comments?post=8248"}],"version-history":[{"count":1,"href":"http:\/\/ilan.tavsanli.bel.tr\/index.php\/wp-json\/wp\/v2\/posts\/8248\/revisions"}],"predecessor-version":[{"id":8249,"href":"http:\/\/ilan.tavsanli.bel.tr\/index.php\/wp-json\/wp\/v2\/posts\/8248\/revisions\/8249"}],"wp:attachment":[{"href":"http:\/\/ilan.tavsanli.bel.tr\/index.php\/wp-json\/wp\/v2\/media?parent=8248"}],"wp:term":[{"taxonomy":"category","embeddable":true,"href":"http:\/\/ilan.tavsanli.bel.tr\/index.php\/wp-json\/wp\/v2\/categories?post=8248"},{"taxonomy":"post_tag","embeddable":true,"href":"http:\/\/ilan.tavsanli.bel.tr\/index.php\/wp-json\/wp\/v2\/tags?post=8248"}],"curies":[{"name":"wp","href":"https:\/\/api.w.org\/{rel}","templated":true}]}}