{"id":8242,"date":"2025-03-10T11:05:18","date_gmt":"2025-03-10T11:05:18","guid":{"rendered":"http:\/\/ilan.tavsanli.bel.tr\/?p=8242"},"modified":"2025-03-10T11:05:18","modified_gmt":"2025-03-10T11:05:18","slug":"8242","status":"publish","type":"post","link":"http:\/\/ilan.tavsanli.bel.tr\/index.php\/2025\/03\/10\/8242\/","title":{"rendered":""},"content":{"rendered":"<p>\u015eahmelek k\u00f6y\u00fcnden Fatma G\u00fcrb\u00fcz\u2019\u00fcn e\u015fi, Veysel G\u00fcrb\u00fcz ve Hacer Baybure\u2019nin karde\u015fi, Zeliha, Zeynep ve Fatih G\u00fcrb\u00fcz\u2019\u00fcn babalar\u0131, Recep Da\u015fdemir ve Murat Demir\u2019in kay\u0131npederi, ulucami emekli m\u00fcezzini RECEP G\u00dcRB\u00dcZ vefat etmi\u015ftir. Cenazesi ikindi namaz\u0131n\u0131 m\u00fcteakip \u015fahmelek k\u00f6y\u00fc mezarl\u0131\u011f\u0131na defnedilecektir. Merhuma Allah&#8217;tan rahmet ailesine ve yak\u0131nlar\u0131na ba\u015fsa\u011fl\u0131\u011f\u0131 dileriz.<\/p>\n","protected":false},"excerpt":{"rendered":"<p>\u015eahmelek k\u00f6y\u00fcnden Fatma G\u00fcrb\u00fcz\u2019\u00fcn e\u015fi, Veysel G\u00fcrb\u00fcz ve Hacer Baybure\u2019nin karde\u015fi, Zeliha, Zeynep ve Fatih G\u00fcrb\u00fcz\u2019\u00fcn babalar\u0131, Recep Da\u015fdemir ve Murat Demir\u2019in kay\u0131npederi, ulucami emekli m\u00fcezzini RECEP G\u00dcRB\u00dcZ vefat etmi\u015ftir. Cenazesi ikindi namaz\u0131n\u0131 m\u00fcteakip \u015fahmelek k\u00f6y\u00fc mezarl\u0131\u011f\u0131na defnedilecektir. Merhuma Allah&#8217;tan rahmet ailesine ve yak\u0131nlar\u0131na ba\u015fsa\u011fl\u0131\u011f\u0131 dileriz.<\/p>\n","protected":false},"author":7,"featured_media":0,"comment_status":"closed","ping_status":"closed","sticky":false,"template":"","format":"standard","meta":[],"categories":[2],"tags":[],"_links":{"self":[{"href":"http:\/\/ilan.tavsanli.bel.tr\/index.php\/wp-json\/wp\/v2\/posts\/8242"}],"collection":[{"href":"http:\/\/ilan.tavsanli.bel.tr\/index.php\/wp-json\/wp\/v2\/posts"}],"about":[{"href":"http:\/\/ilan.tavsanli.bel.tr\/index.php\/wp-json\/wp\/v2\/types\/post"}],"author":[{"embeddable":true,"href":"http:\/\/ilan.tavsanli.bel.tr\/index.php\/wp-json\/wp\/v2\/users\/7"}],"replies":[{"embeddable":true,"href":"http:\/\/ilan.tavsanli.bel.tr\/index.php\/wp-json\/wp\/v2\/comments?post=8242"}],"version-history":[{"count":1,"href":"http:\/\/ilan.tavsanli.bel.tr\/index.php\/wp-json\/wp\/v2\/posts\/8242\/revisions"}],"predecessor-version":[{"id":8243,"href":"http:\/\/ilan.tavsanli.bel.tr\/index.php\/wp-json\/wp\/v2\/posts\/8242\/revisions\/8243"}],"wp:attachment":[{"href":"http:\/\/ilan.tavsanli.bel.tr\/index.php\/wp-json\/wp\/v2\/media?parent=8242"}],"wp:term":[{"taxonomy":"category","embeddable":true,"href":"http:\/\/ilan.tavsanli.bel.tr\/index.php\/wp-json\/wp\/v2\/categories?post=8242"},{"taxonomy":"post_tag","embeddable":true,"href":"http:\/\/ilan.tavsanli.bel.tr\/index.php\/wp-json\/wp\/v2\/tags?post=8242"}],"curies":[{"name":"wp","href":"https:\/\/api.w.org\/{rel}","templated":true}]}}