{"id":8151,"date":"2025-02-25T08:48:02","date_gmt":"2025-02-25T08:48:02","guid":{"rendered":"http:\/\/ilan.tavsanli.bel.tr\/?p=8151"},"modified":"2025-02-25T08:48:02","modified_gmt":"2025-02-25T08:48:02","slug":"8151","status":"publish","type":"post","link":"http:\/\/ilan.tavsanli.bel.tr\/index.php\/2025\/02\/25\/8151\/","title":{"rendered":""},"content":{"rendered":"<p><span data-offset-key=\"2lg1p-1-0\">Merhum<\/span><span data-offset-key=\"2lg1p-2-0\"> Osman ve merhum Cemile K\u00fclc\u00fc\u2019n\u00fcn k\u0131z\u0131, Hasan K\u00fclc\u00fc\u2019n\u00fcn karde\u015fi, Ahmet Ak\u0131nc\u0131\u2019n\u0131n e\u015fi, Ramazan ve Yasin Ak\u0131nc\u0131\u2019n\u0131n anneleri, UMUHAN AKINCI vefat etmi\u015ftir. Cenazesi hasenat camisinde k\u0131l\u0131nacak \u00f6\u011fle namaz\u0131n\u0131 m\u00fcteakip yeni yaylac\u0131k mezarl\u0131\u011f\u0131na defnedilecektir. Merhumeye Allah\u2019tan rahmet ailesine ve yak\u0131nlar\u0131na ba\u015fsa\u011fl\u0131\u011f\u0131 dileriz.<\/span><\/p>\n","protected":false},"excerpt":{"rendered":"<p>Merhum Osman ve merhum Cemile K\u00fclc\u00fc\u2019n\u00fcn k\u0131z\u0131, Hasan K\u00fclc\u00fc\u2019n\u00fcn karde\u015fi, Ahmet Ak\u0131nc\u0131\u2019n\u0131n e\u015fi, Ramazan ve Yasin Ak\u0131nc\u0131\u2019n\u0131n anneleri, UMUHAN AKINCI vefat etmi\u015ftir. Cenazesi hasenat camisinde k\u0131l\u0131nacak \u00f6\u011fle namaz\u0131n\u0131 m\u00fcteakip yeni yaylac\u0131k mezarl\u0131\u011f\u0131na defnedilecektir. Merhumeye Allah\u2019tan rahmet ailesine ve yak\u0131nlar\u0131na ba\u015fsa\u011fl\u0131\u011f\u0131 dileriz.<\/p>\n","protected":false},"author":7,"featured_media":0,"comment_status":"closed","ping_status":"closed","sticky":false,"template":"","format":"standard","meta":[],"categories":[2],"tags":[],"_links":{"self":[{"href":"http:\/\/ilan.tavsanli.bel.tr\/index.php\/wp-json\/wp\/v2\/posts\/8151"}],"collection":[{"href":"http:\/\/ilan.tavsanli.bel.tr\/index.php\/wp-json\/wp\/v2\/posts"}],"about":[{"href":"http:\/\/ilan.tavsanli.bel.tr\/index.php\/wp-json\/wp\/v2\/types\/post"}],"author":[{"embeddable":true,"href":"http:\/\/ilan.tavsanli.bel.tr\/index.php\/wp-json\/wp\/v2\/users\/7"}],"replies":[{"embeddable":true,"href":"http:\/\/ilan.tavsanli.bel.tr\/index.php\/wp-json\/wp\/v2\/comments?post=8151"}],"version-history":[{"count":1,"href":"http:\/\/ilan.tavsanli.bel.tr\/index.php\/wp-json\/wp\/v2\/posts\/8151\/revisions"}],"predecessor-version":[{"id":8152,"href":"http:\/\/ilan.tavsanli.bel.tr\/index.php\/wp-json\/wp\/v2\/posts\/8151\/revisions\/8152"}],"wp:attachment":[{"href":"http:\/\/ilan.tavsanli.bel.tr\/index.php\/wp-json\/wp\/v2\/media?parent=8151"}],"wp:term":[{"taxonomy":"category","embeddable":true,"href":"http:\/\/ilan.tavsanli.bel.tr\/index.php\/wp-json\/wp\/v2\/categories?post=8151"},{"taxonomy":"post_tag","embeddable":true,"href":"http:\/\/ilan.tavsanli.bel.tr\/index.php\/wp-json\/wp\/v2\/tags?post=8151"}],"curies":[{"name":"wp","href":"https:\/\/api.w.org\/{rel}","templated":true}]}}