{"id":8037,"date":"2025-02-05T08:10:12","date_gmt":"2025-02-05T08:10:12","guid":{"rendered":"http:\/\/ilan.tavsanli.bel.tr\/?p=8037"},"modified":"2025-02-05T08:10:12","modified_gmt":"2025-02-05T08:10:12","slug":"8037","status":"publish","type":"post","link":"http:\/\/ilan.tavsanli.bel.tr\/index.php\/2025\/02\/05\/8037\/","title":{"rendered":""},"content":{"rendered":"<p><span data-offset-key=\"7fk12-1-0\">Zeynel<\/span><span data-offset-key=\"7fk12-2-0\"> Konur\u2019un babas\u0131, Mustafa Aksoy, merhum Cengiz Aksoy, merhum Halil \u0130brahim, merhum Mehmet ve merhum Mustafa Konur\u2019un abisi, Ekrem A\u011far\u2019\u0131n kay\u0131npederi, tav\u015fanl\u0131 esnaflar\u0131ndan terzi KAD\u0130R KONUR vefat etmi\u015ftir. Cenazesi ulucamide k\u0131l\u0131nacak \u00f6\u011fle namaz\u0131n\u0131 m\u00fcteakip tav\u015fanl\u0131 mezarl\u0131\u011f\u0131na defnedilecektir. Merhuma Allah\u2019tan rahmet ailesine ve yak\u0131nlar\u0131na ba\u015fsa\u011fl\u0131\u011f\u0131 dileriz.<\/span><\/p>\n","protected":false},"excerpt":{"rendered":"<p>Zeynel Konur\u2019un babas\u0131, Mustafa Aksoy, merhum Cengiz Aksoy, merhum Halil \u0130brahim, merhum Mehmet ve merhum Mustafa Konur\u2019un abisi, Ekrem A\u011far\u2019\u0131n kay\u0131npederi, tav\u015fanl\u0131 esnaflar\u0131ndan terzi KAD\u0130R KONUR vefat etmi\u015ftir. Cenazesi ulucamide k\u0131l\u0131nacak \u00f6\u011fle namaz\u0131n\u0131 m\u00fcteakip tav\u015fanl\u0131 mezarl\u0131\u011f\u0131na defnedilecektir. Merhuma Allah\u2019tan rahmet ailesine ve yak\u0131nlar\u0131na ba\u015fsa\u011fl\u0131\u011f\u0131 dileriz.<\/p>\n","protected":false},"author":7,"featured_media":0,"comment_status":"closed","ping_status":"closed","sticky":false,"template":"","format":"standard","meta":[],"categories":[2],"tags":[],"_links":{"self":[{"href":"http:\/\/ilan.tavsanli.bel.tr\/index.php\/wp-json\/wp\/v2\/posts\/8037"}],"collection":[{"href":"http:\/\/ilan.tavsanli.bel.tr\/index.php\/wp-json\/wp\/v2\/posts"}],"about":[{"href":"http:\/\/ilan.tavsanli.bel.tr\/index.php\/wp-json\/wp\/v2\/types\/post"}],"author":[{"embeddable":true,"href":"http:\/\/ilan.tavsanli.bel.tr\/index.php\/wp-json\/wp\/v2\/users\/7"}],"replies":[{"embeddable":true,"href":"http:\/\/ilan.tavsanli.bel.tr\/index.php\/wp-json\/wp\/v2\/comments?post=8037"}],"version-history":[{"count":1,"href":"http:\/\/ilan.tavsanli.bel.tr\/index.php\/wp-json\/wp\/v2\/posts\/8037\/revisions"}],"predecessor-version":[{"id":8038,"href":"http:\/\/ilan.tavsanli.bel.tr\/index.php\/wp-json\/wp\/v2\/posts\/8037\/revisions\/8038"}],"wp:attachment":[{"href":"http:\/\/ilan.tavsanli.bel.tr\/index.php\/wp-json\/wp\/v2\/media?parent=8037"}],"wp:term":[{"taxonomy":"category","embeddable":true,"href":"http:\/\/ilan.tavsanli.bel.tr\/index.php\/wp-json\/wp\/v2\/categories?post=8037"},{"taxonomy":"post_tag","embeddable":true,"href":"http:\/\/ilan.tavsanli.bel.tr\/index.php\/wp-json\/wp\/v2\/tags?post=8037"}],"curies":[{"name":"wp","href":"https:\/\/api.w.org\/{rel}","templated":true}]}}