{"id":8033,"date":"2025-02-04T11:10:00","date_gmt":"2025-02-04T11:10:00","guid":{"rendered":"http:\/\/ilan.tavsanli.bel.tr\/?p=8033"},"modified":"2025-02-04T11:10:00","modified_gmt":"2025-02-04T11:10:00","slug":"8033","status":"publish","type":"post","link":"http:\/\/ilan.tavsanli.bel.tr\/index.php\/2025\/02\/04\/8033\/","title":{"rendered":""},"content":{"rendered":"<p>G\u00f6n\u00fcl Arslan\u2019\u0131n e\u015fi, Sadettin Arslan, Safiye Yi\u011fit, \u0130smail Arslan ve merhum Emine Yaman\u2019\u0131n karde\u015fi, Rabia ve Emre Arslan\u2019\u0131n babalar\u0131, Nihat \u00c7a\u011flar\u2019\u0131n kay\u0131npederi, \u00e7ay\u0131r k\u00f6y\u00fc muhtar\u0131 MEHMET AL\u0130 ARSLAN vefat etmi\u015ftir. Cenazesi ye\u015fil camide k\u0131l\u0131nacak ikindi namaz\u0131n\u0131 m\u00fcteakip yeni yaylac\u0131k mezarl\u0131\u011f\u0131na defnedilecektir. Merhuma Allah\u2019tan rahmet ailesine ve yak\u0131nlar\u0131na ba\u015fsa\u011fl\u0131\u011f\u0131 dileriz.<\/p>\n","protected":false},"excerpt":{"rendered":"<p>G\u00f6n\u00fcl Arslan\u2019\u0131n e\u015fi, Sadettin Arslan, Safiye Yi\u011fit, \u0130smail Arslan ve merhum Emine Yaman\u2019\u0131n karde\u015fi, Rabia ve Emre Arslan\u2019\u0131n babalar\u0131, Nihat \u00c7a\u011flar\u2019\u0131n kay\u0131npederi, \u00e7ay\u0131r k\u00f6y\u00fc muhtar\u0131 MEHMET AL\u0130 ARSLAN vefat etmi\u015ftir. Cenazesi ye\u015fil camide k\u0131l\u0131nacak ikindi namaz\u0131n\u0131 m\u00fcteakip yeni yaylac\u0131k mezarl\u0131\u011f\u0131na defnedilecektir. Merhuma Allah\u2019tan rahmet ailesine ve yak\u0131nlar\u0131na ba\u015fsa\u011fl\u0131\u011f\u0131 dileriz.<\/p>\n","protected":false},"author":7,"featured_media":0,"comment_status":"closed","ping_status":"closed","sticky":false,"template":"","format":"standard","meta":[],"categories":[2],"tags":[],"_links":{"self":[{"href":"http:\/\/ilan.tavsanli.bel.tr\/index.php\/wp-json\/wp\/v2\/posts\/8033"}],"collection":[{"href":"http:\/\/ilan.tavsanli.bel.tr\/index.php\/wp-json\/wp\/v2\/posts"}],"about":[{"href":"http:\/\/ilan.tavsanli.bel.tr\/index.php\/wp-json\/wp\/v2\/types\/post"}],"author":[{"embeddable":true,"href":"http:\/\/ilan.tavsanli.bel.tr\/index.php\/wp-json\/wp\/v2\/users\/7"}],"replies":[{"embeddable":true,"href":"http:\/\/ilan.tavsanli.bel.tr\/index.php\/wp-json\/wp\/v2\/comments?post=8033"}],"version-history":[{"count":1,"href":"http:\/\/ilan.tavsanli.bel.tr\/index.php\/wp-json\/wp\/v2\/posts\/8033\/revisions"}],"predecessor-version":[{"id":8034,"href":"http:\/\/ilan.tavsanli.bel.tr\/index.php\/wp-json\/wp\/v2\/posts\/8033\/revisions\/8034"}],"wp:attachment":[{"href":"http:\/\/ilan.tavsanli.bel.tr\/index.php\/wp-json\/wp\/v2\/media?parent=8033"}],"wp:term":[{"taxonomy":"category","embeddable":true,"href":"http:\/\/ilan.tavsanli.bel.tr\/index.php\/wp-json\/wp\/v2\/categories?post=8033"},{"taxonomy":"post_tag","embeddable":true,"href":"http:\/\/ilan.tavsanli.bel.tr\/index.php\/wp-json\/wp\/v2\/tags?post=8033"}],"curies":[{"name":"wp","href":"https:\/\/api.w.org\/{rel}","templated":true}]}}