{"id":800,"date":"2021-03-06T10:51:56","date_gmt":"2021-03-06T10:51:56","guid":{"rendered":"http:\/\/ilan.tavsanli.bel.tr\/?p=800"},"modified":"2021-03-06T10:51:56","modified_gmt":"2021-03-06T10:51:56","slug":"800","status":"publish","type":"post","link":"http:\/\/ilan.tavsanli.bel.tr\/index.php\/2021\/03\/06\/800\/","title":{"rendered":""},"content":{"rendered":"\n<p>Beyk\u00f6y mahallesinden,merhum Hac\u0131 Ali \u00c7ak\u0131r&#8217;\u0131n o\u011flu,merhum Halil \u00c7ak\u0131r&#8217;\u0131n a\u011fabeyi, L\u00fctf\u00fc \u00c7ak\u0131r&#8217;\u0131n babas\u0131, Mehmet \u00d6zsar\u0131&#8217;n\u0131n kay\u0131npederi, Kahraman \u00d6zsar\u0131, Hikmet B\u0131t\u0131m, Cevdet \u00c7ak\u0131r ve Salih Yatay&#8217;\u0131n b\u00fcy\u00fck babalar\u0131, Hac\u0131 CEVDET \u00c7AKIR vefat etmi\u015ftir. Cenazesi \u00f6\u011fle namaz\u0131na m\u00fcteakip Beyk\u00f6y mahallesi mezarl\u0131\u011f\u0131na defnedilecektir.Merhuma Allah&#8217;tan rahmet, ailesi ve yak\u0131nlar\u0131na ba\u015fsa\u011fl\u0131\u011f\u0131 dileriz.<\/p>\n","protected":false},"excerpt":{"rendered":"<p>Beyk\u00f6y mahallesinden,merhum Hac\u0131 Ali \u00c7ak\u0131r&#8217;\u0131n o\u011flu,merhum Halil \u00c7ak\u0131r&#8217;\u0131n a\u011fabeyi, L\u00fctf\u00fc \u00c7ak\u0131r&#8217;\u0131n babas\u0131, Mehmet \u00d6zsar\u0131&#8217;n\u0131n kay\u0131npederi, Kahraman \u00d6zsar\u0131, Hikmet B\u0131t\u0131m, Cevdet \u00c7ak\u0131r ve Salih Yatay&#8217;\u0131n b\u00fcy\u00fck babalar\u0131, Hac\u0131 CEVDET \u00c7AKIR vefat etmi\u015ftir. Cenazesi \u00f6\u011fle namaz\u0131na m\u00fcteakip Beyk\u00f6y mahallesi mezarl\u0131\u011f\u0131na defnedilecektir.Merhuma Allah&#8217;tan rahmet, ailesi ve yak\u0131nlar\u0131na ba\u015fsa\u011fl\u0131\u011f\u0131 dileriz.<\/p>\n","protected":false},"author":4,"featured_media":0,"comment_status":"closed","ping_status":"","sticky":false,"template":"","format":"standard","meta":[],"categories":[2],"tags":[],"_links":{"self":[{"href":"http:\/\/ilan.tavsanli.bel.tr\/index.php\/wp-json\/wp\/v2\/posts\/800"}],"collection":[{"href":"http:\/\/ilan.tavsanli.bel.tr\/index.php\/wp-json\/wp\/v2\/posts"}],"about":[{"href":"http:\/\/ilan.tavsanli.bel.tr\/index.php\/wp-json\/wp\/v2\/types\/post"}],"author":[{"embeddable":true,"href":"http:\/\/ilan.tavsanli.bel.tr\/index.php\/wp-json\/wp\/v2\/users\/4"}],"replies":[{"embeddable":true,"href":"http:\/\/ilan.tavsanli.bel.tr\/index.php\/wp-json\/wp\/v2\/comments?post=800"}],"version-history":[{"count":1,"href":"http:\/\/ilan.tavsanli.bel.tr\/index.php\/wp-json\/wp\/v2\/posts\/800\/revisions"}],"predecessor-version":[{"id":801,"href":"http:\/\/ilan.tavsanli.bel.tr\/index.php\/wp-json\/wp\/v2\/posts\/800\/revisions\/801"}],"wp:attachment":[{"href":"http:\/\/ilan.tavsanli.bel.tr\/index.php\/wp-json\/wp\/v2\/media?parent=800"}],"wp:term":[{"taxonomy":"category","embeddable":true,"href":"http:\/\/ilan.tavsanli.bel.tr\/index.php\/wp-json\/wp\/v2\/categories?post=800"},{"taxonomy":"post_tag","embeddable":true,"href":"http:\/\/ilan.tavsanli.bel.tr\/index.php\/wp-json\/wp\/v2\/tags?post=800"}],"curies":[{"name":"wp","href":"https:\/\/api.w.org\/{rel}","templated":true}]}}