{"id":7963,"date":"2025-01-22T08:54:14","date_gmt":"2025-01-22T08:54:14","guid":{"rendered":"http:\/\/ilan.tavsanli.bel.tr\/?p=7963"},"modified":"2025-01-22T08:54:50","modified_gmt":"2025-01-22T08:54:50","slug":"7963","status":"publish","type":"post","link":"http:\/\/ilan.tavsanli.bel.tr\/index.php\/2025\/01\/22\/7963\/","title":{"rendered":""},"content":{"rendered":"<p>K\u0131\u015flademirli k\u00f6y\u00fcnden Ahmet G\u00f6k\u00e7e&#8217;nin e\u015fi, \u00dcnal, Mehmet ve \u0130smail G\u00f6k\u00e7e&#8217;nin anneleri, Halil Zeybek&#8217;in kay\u0131nvalidesi, ARZU G\u00d6K\u00c7E vefat etmi\u015ftir. Cenazesi \u00f6\u011fle namaz\u0131n\u0131 m\u00fcteakip k\u0131\u015flademirli k\u00f6y\u00fc mezarl\u0131\u011f\u0131na defnedilecektir. Merhumeye Allah&#8217;tan rahmet ailesine ve yak\u0131nlar\u0131na ba\u015fsa\u011fl\u0131\u011f\u0131 dileriz.<\/p>\n","protected":false},"excerpt":{"rendered":"<p>K\u0131\u015flademirli k\u00f6y\u00fcnden Ahmet G\u00f6k\u00e7e&#8217;nin e\u015fi, \u00dcnal, Mehmet ve \u0130smail G\u00f6k\u00e7e&#8217;nin anneleri, Halil Zeybek&#8217;in kay\u0131nvalidesi, ARZU G\u00d6K\u00c7E vefat etmi\u015ftir. Cenazesi \u00f6\u011fle namaz\u0131n\u0131 m\u00fcteakip k\u0131\u015flademirli k\u00f6y\u00fc mezarl\u0131\u011f\u0131na defnedilecektir. Merhumeye Allah&#8217;tan rahmet ailesine ve yak\u0131nlar\u0131na ba\u015fsa\u011fl\u0131\u011f\u0131 dileriz.<\/p>\n","protected":false},"author":7,"featured_media":0,"comment_status":"closed","ping_status":"closed","sticky":false,"template":"","format":"standard","meta":[],"categories":[2],"tags":[],"_links":{"self":[{"href":"http:\/\/ilan.tavsanli.bel.tr\/index.php\/wp-json\/wp\/v2\/posts\/7963"}],"collection":[{"href":"http:\/\/ilan.tavsanli.bel.tr\/index.php\/wp-json\/wp\/v2\/posts"}],"about":[{"href":"http:\/\/ilan.tavsanli.bel.tr\/index.php\/wp-json\/wp\/v2\/types\/post"}],"author":[{"embeddable":true,"href":"http:\/\/ilan.tavsanli.bel.tr\/index.php\/wp-json\/wp\/v2\/users\/7"}],"replies":[{"embeddable":true,"href":"http:\/\/ilan.tavsanli.bel.tr\/index.php\/wp-json\/wp\/v2\/comments?post=7963"}],"version-history":[{"count":2,"href":"http:\/\/ilan.tavsanli.bel.tr\/index.php\/wp-json\/wp\/v2\/posts\/7963\/revisions"}],"predecessor-version":[{"id":7965,"href":"http:\/\/ilan.tavsanli.bel.tr\/index.php\/wp-json\/wp\/v2\/posts\/7963\/revisions\/7965"}],"wp:attachment":[{"href":"http:\/\/ilan.tavsanli.bel.tr\/index.php\/wp-json\/wp\/v2\/media?parent=7963"}],"wp:term":[{"taxonomy":"category","embeddable":true,"href":"http:\/\/ilan.tavsanli.bel.tr\/index.php\/wp-json\/wp\/v2\/categories?post=7963"},{"taxonomy":"post_tag","embeddable":true,"href":"http:\/\/ilan.tavsanli.bel.tr\/index.php\/wp-json\/wp\/v2\/tags?post=7963"}],"curies":[{"name":"wp","href":"https:\/\/api.w.org\/{rel}","templated":true}]}}