{"id":7534,"date":"2024-11-15T08:25:32","date_gmt":"2024-11-15T08:25:32","guid":{"rendered":"http:\/\/ilan.tavsanli.bel.tr\/?p=7534"},"modified":"2024-11-15T08:25:32","modified_gmt":"2024-11-15T08:25:32","slug":"7534","status":"publish","type":"post","link":"http:\/\/ilan.tavsanli.bel.tr\/index.php\/2024\/11\/15\/7534\/","title":{"rendered":""},"content":{"rendered":"<p>Nehar, Melike ve Saliha B\u00fclb\u00fcl\u2019\u00fcn babalar\u0131, merhum Nuran B\u00fclb\u00fcl\u2019\u00fcn e\u015fi, Ruhi, \u00d6mer ve merhum Tamer B\u00fclb\u00fcl\u2019\u00fcn abisi, Mehmet \u00d6ncel\u2019in kay\u0131npederi, termik emekli i\u015f\u00e7ilerinden REHA B\u00dcLB\u00dcL vefat etmi\u015ftir. Cenazesi ulucamide k\u0131l\u0131nacak cuma namaz\u0131n\u0131 m\u00fcteakip tav\u015fanl\u0131 mezarl\u0131\u011f\u0131na defnedilecektir. Merhuma Allah\u2019tan rahmet ailesine ve yak\u0131nlar\u0131na ba\u015fsa\u011fl\u0131\u011f\u0131 dileriz.<\/p>\n","protected":false},"excerpt":{"rendered":"<p>Nehar, Melike ve Saliha B\u00fclb\u00fcl\u2019\u00fcn babalar\u0131, merhum Nuran B\u00fclb\u00fcl\u2019\u00fcn e\u015fi, Ruhi, \u00d6mer ve merhum Tamer B\u00fclb\u00fcl\u2019\u00fcn abisi, Mehmet \u00d6ncel\u2019in kay\u0131npederi, termik emekli i\u015f\u00e7ilerinden REHA B\u00dcLB\u00dcL vefat etmi\u015ftir. Cenazesi ulucamide k\u0131l\u0131nacak cuma namaz\u0131n\u0131 m\u00fcteakip tav\u015fanl\u0131 mezarl\u0131\u011f\u0131na defnedilecektir. Merhuma Allah\u2019tan rahmet ailesine ve yak\u0131nlar\u0131na ba\u015fsa\u011fl\u0131\u011f\u0131 dileriz.<\/p>\n","protected":false},"author":7,"featured_media":0,"comment_status":"closed","ping_status":"closed","sticky":false,"template":"","format":"standard","meta":[],"categories":[2],"tags":[],"_links":{"self":[{"href":"http:\/\/ilan.tavsanli.bel.tr\/index.php\/wp-json\/wp\/v2\/posts\/7534"}],"collection":[{"href":"http:\/\/ilan.tavsanli.bel.tr\/index.php\/wp-json\/wp\/v2\/posts"}],"about":[{"href":"http:\/\/ilan.tavsanli.bel.tr\/index.php\/wp-json\/wp\/v2\/types\/post"}],"author":[{"embeddable":true,"href":"http:\/\/ilan.tavsanli.bel.tr\/index.php\/wp-json\/wp\/v2\/users\/7"}],"replies":[{"embeddable":true,"href":"http:\/\/ilan.tavsanli.bel.tr\/index.php\/wp-json\/wp\/v2\/comments?post=7534"}],"version-history":[{"count":1,"href":"http:\/\/ilan.tavsanli.bel.tr\/index.php\/wp-json\/wp\/v2\/posts\/7534\/revisions"}],"predecessor-version":[{"id":7535,"href":"http:\/\/ilan.tavsanli.bel.tr\/index.php\/wp-json\/wp\/v2\/posts\/7534\/revisions\/7535"}],"wp:attachment":[{"href":"http:\/\/ilan.tavsanli.bel.tr\/index.php\/wp-json\/wp\/v2\/media?parent=7534"}],"wp:term":[{"taxonomy":"category","embeddable":true,"href":"http:\/\/ilan.tavsanli.bel.tr\/index.php\/wp-json\/wp\/v2\/categories?post=7534"},{"taxonomy":"post_tag","embeddable":true,"href":"http:\/\/ilan.tavsanli.bel.tr\/index.php\/wp-json\/wp\/v2\/tags?post=7534"}],"curies":[{"name":"wp","href":"https:\/\/api.w.org\/{rel}","templated":true}]}}