{"id":7532,"date":"2024-11-14T08:18:53","date_gmt":"2024-11-14T08:18:53","guid":{"rendered":"http:\/\/ilan.tavsanli.bel.tr\/?p=7532"},"modified":"2024-11-14T08:18:53","modified_gmt":"2024-11-14T08:18:53","slug":"7532","status":"publish","type":"post","link":"http:\/\/ilan.tavsanli.bel.tr\/index.php\/2024\/11\/14\/7532\/","title":{"rendered":""},"content":{"rendered":"<p><span data-offset-key=\"7h88f-1-0\">Gedizli<\/span><span data-offset-key=\"7h88f-2-0\"> \u0130smail Akan\u2019\u0131n o\u011flu Ahmet Akan\u2019\u0131n karde\u015fi, \u015eerif Akan\u2019\u0131n abisi, \u0130brahim Akan, \u015eule Akan Korkmaz ve Cemal Akan\u2019\u0131n babalar\u0131, G.L.\u0130 merkez emeklisi hac\u0131 ABD\u0130L AKAN vefat etmi\u015ftir. Cenazesi ulucamide k\u0131l\u0131nacak \u00f6\u011fle namaz\u0131n\u0131 m\u00fcteakip tav\u015fanl\u0131 mezarl\u0131\u011f\u0131na defnedilecektir. Merhuma Allah\u2019tan rahmet ailesine ve yak\u0131nlar\u0131na ba\u015fsa\u011fl\u0131\u011f\u0131 dileriz.<\/span><\/p>\n","protected":false},"excerpt":{"rendered":"<p>Gedizli \u0130smail Akan\u2019\u0131n o\u011flu Ahmet Akan\u2019\u0131n karde\u015fi, \u015eerif Akan\u2019\u0131n abisi, \u0130brahim Akan, \u015eule Akan Korkmaz ve Cemal Akan\u2019\u0131n babalar\u0131, G.L.\u0130 merkez emeklisi hac\u0131 ABD\u0130L AKAN vefat etmi\u015ftir. Cenazesi ulucamide k\u0131l\u0131nacak \u00f6\u011fle namaz\u0131n\u0131 m\u00fcteakip tav\u015fanl\u0131 mezarl\u0131\u011f\u0131na defnedilecektir. Merhuma Allah\u2019tan rahmet ailesine ve yak\u0131nlar\u0131na ba\u015fsa\u011fl\u0131\u011f\u0131 dileriz.<\/p>\n","protected":false},"author":7,"featured_media":0,"comment_status":"closed","ping_status":"closed","sticky":false,"template":"","format":"standard","meta":[],"categories":[2],"tags":[],"_links":{"self":[{"href":"http:\/\/ilan.tavsanli.bel.tr\/index.php\/wp-json\/wp\/v2\/posts\/7532"}],"collection":[{"href":"http:\/\/ilan.tavsanli.bel.tr\/index.php\/wp-json\/wp\/v2\/posts"}],"about":[{"href":"http:\/\/ilan.tavsanli.bel.tr\/index.php\/wp-json\/wp\/v2\/types\/post"}],"author":[{"embeddable":true,"href":"http:\/\/ilan.tavsanli.bel.tr\/index.php\/wp-json\/wp\/v2\/users\/7"}],"replies":[{"embeddable":true,"href":"http:\/\/ilan.tavsanli.bel.tr\/index.php\/wp-json\/wp\/v2\/comments?post=7532"}],"version-history":[{"count":1,"href":"http:\/\/ilan.tavsanli.bel.tr\/index.php\/wp-json\/wp\/v2\/posts\/7532\/revisions"}],"predecessor-version":[{"id":7533,"href":"http:\/\/ilan.tavsanli.bel.tr\/index.php\/wp-json\/wp\/v2\/posts\/7532\/revisions\/7533"}],"wp:attachment":[{"href":"http:\/\/ilan.tavsanli.bel.tr\/index.php\/wp-json\/wp\/v2\/media?parent=7532"}],"wp:term":[{"taxonomy":"category","embeddable":true,"href":"http:\/\/ilan.tavsanli.bel.tr\/index.php\/wp-json\/wp\/v2\/categories?post=7532"},{"taxonomy":"post_tag","embeddable":true,"href":"http:\/\/ilan.tavsanli.bel.tr\/index.php\/wp-json\/wp\/v2\/tags?post=7532"}],"curies":[{"name":"wp","href":"https:\/\/api.w.org\/{rel}","templated":true}]}}