{"id":7411,"date":"2024-10-24T08:14:37","date_gmt":"2024-10-24T08:14:37","guid":{"rendered":"http:\/\/ilan.tavsanli.bel.tr\/?p=7411"},"modified":"2024-10-24T08:14:37","modified_gmt":"2024-10-24T08:14:37","slug":"7411","status":"publish","type":"post","link":"http:\/\/ilan.tavsanli.bel.tr\/index.php\/2024\/10\/24\/7411\/","title":{"rendered":""},"content":{"rendered":"<p><span data-offset-key=\"1ho41-1-0\">Ayval\u0131<\/span><span data-offset-key=\"1ho41-2-0\"> k\u00f6y\u00fcnden Z\u00fcleyha Kaderli\u2019nin e\u015fi, Ay\u015fe \u015eeker\u2019in karde\u015fi, Hatice ve Arife Kaderli\u2019nin babalar\u0131, Hasan Kaderli ve \u0130lyas Tun\u00e7\u2019un kay\u0131npederi, G.L.\u0130 emeklisi AHMET KADERL\u0130 vefat etmi\u015ftir. Cenazesi \u00f6\u011fle namaz\u0131n\u0131 m\u00fcteakip ayval\u0131 k\u00f6y\u00fc mezarl\u0131\u011f\u0131na defnedilecektir. Merhuma Allah\u2019tan rahmet ailesine ve yak\u0131nlar\u0131na ba\u015fsa\u011fl\u0131\u011f\u0131 dileriz.<\/span><\/p>\n","protected":false},"excerpt":{"rendered":"<p>Ayval\u0131 k\u00f6y\u00fcnden Z\u00fcleyha Kaderli\u2019nin e\u015fi, Ay\u015fe \u015eeker\u2019in karde\u015fi, Hatice ve Arife Kaderli\u2019nin babalar\u0131, Hasan Kaderli ve \u0130lyas Tun\u00e7\u2019un kay\u0131npederi, G.L.\u0130 emeklisi AHMET KADERL\u0130 vefat etmi\u015ftir. Cenazesi \u00f6\u011fle namaz\u0131n\u0131 m\u00fcteakip ayval\u0131 k\u00f6y\u00fc mezarl\u0131\u011f\u0131na defnedilecektir. Merhuma Allah\u2019tan rahmet ailesine ve yak\u0131nlar\u0131na ba\u015fsa\u011fl\u0131\u011f\u0131 dileriz.<\/p>\n","protected":false},"author":7,"featured_media":0,"comment_status":"closed","ping_status":"closed","sticky":false,"template":"","format":"standard","meta":[],"categories":[2],"tags":[],"_links":{"self":[{"href":"http:\/\/ilan.tavsanli.bel.tr\/index.php\/wp-json\/wp\/v2\/posts\/7411"}],"collection":[{"href":"http:\/\/ilan.tavsanli.bel.tr\/index.php\/wp-json\/wp\/v2\/posts"}],"about":[{"href":"http:\/\/ilan.tavsanli.bel.tr\/index.php\/wp-json\/wp\/v2\/types\/post"}],"author":[{"embeddable":true,"href":"http:\/\/ilan.tavsanli.bel.tr\/index.php\/wp-json\/wp\/v2\/users\/7"}],"replies":[{"embeddable":true,"href":"http:\/\/ilan.tavsanli.bel.tr\/index.php\/wp-json\/wp\/v2\/comments?post=7411"}],"version-history":[{"count":1,"href":"http:\/\/ilan.tavsanli.bel.tr\/index.php\/wp-json\/wp\/v2\/posts\/7411\/revisions"}],"predecessor-version":[{"id":7412,"href":"http:\/\/ilan.tavsanli.bel.tr\/index.php\/wp-json\/wp\/v2\/posts\/7411\/revisions\/7412"}],"wp:attachment":[{"href":"http:\/\/ilan.tavsanli.bel.tr\/index.php\/wp-json\/wp\/v2\/media?parent=7411"}],"wp:term":[{"taxonomy":"category","embeddable":true,"href":"http:\/\/ilan.tavsanli.bel.tr\/index.php\/wp-json\/wp\/v2\/categories?post=7411"},{"taxonomy":"post_tag","embeddable":true,"href":"http:\/\/ilan.tavsanli.bel.tr\/index.php\/wp-json\/wp\/v2\/tags?post=7411"}],"curies":[{"name":"wp","href":"https:\/\/api.w.org\/{rel}","templated":true}]}}