{"id":7409,"date":"2024-10-24T08:14:12","date_gmt":"2024-10-24T08:14:12","guid":{"rendered":"http:\/\/ilan.tavsanli.bel.tr\/?p=7409"},"modified":"2024-10-24T08:14:12","modified_gmt":"2024-10-24T08:14:12","slug":"7409","status":"publish","type":"post","link":"http:\/\/ilan.tavsanli.bel.tr\/index.php\/2024\/10\/24\/7409\/","title":{"rendered":""},"content":{"rendered":"<p>T\u00fcrkan ve Halil \u00c7ulha\u2019n\u0131n k\u0131z\u0131, Mustafa \u00c7i\u00e7ek\u2019in e\u015fi, Kadriye \u00d6zerdem ve Figen Toker\u2019in ablas\u0131, \u0130hsan G\u00fcle\u00e7\u2019in kay\u0131nvalidesi, \u015eENG\u00dcL \u00c7\u0130\u00c7EK vefat etmi\u015ftir. Cenazesi ulucamide k\u0131l\u0131nacak \u00f6\u011fle namaz\u0131n\u0131 m\u00fcteakip tav\u015fanl\u0131 mezarl\u0131\u011f\u0131na defnedilecektir. Merhuma Allah\u2019tan rahmet ailesine ve yak\u0131nlar\u0131na ba\u015fsa\u011fl\u0131\u011f\u0131 dileriz.<\/p>\n","protected":false},"excerpt":{"rendered":"<p>T\u00fcrkan ve Halil \u00c7ulha\u2019n\u0131n k\u0131z\u0131, Mustafa \u00c7i\u00e7ek\u2019in e\u015fi, Kadriye \u00d6zerdem ve Figen Toker\u2019in ablas\u0131, \u0130hsan G\u00fcle\u00e7\u2019in kay\u0131nvalidesi, \u015eENG\u00dcL \u00c7\u0130\u00c7EK vefat etmi\u015ftir. Cenazesi ulucamide k\u0131l\u0131nacak \u00f6\u011fle namaz\u0131n\u0131 m\u00fcteakip tav\u015fanl\u0131 mezarl\u0131\u011f\u0131na defnedilecektir. Merhuma Allah\u2019tan rahmet ailesine ve yak\u0131nlar\u0131na ba\u015fsa\u011fl\u0131\u011f\u0131 dileriz.<\/p>\n","protected":false},"author":7,"featured_media":0,"comment_status":"closed","ping_status":"closed","sticky":false,"template":"","format":"standard","meta":[],"categories":[2],"tags":[],"_links":{"self":[{"href":"http:\/\/ilan.tavsanli.bel.tr\/index.php\/wp-json\/wp\/v2\/posts\/7409"}],"collection":[{"href":"http:\/\/ilan.tavsanli.bel.tr\/index.php\/wp-json\/wp\/v2\/posts"}],"about":[{"href":"http:\/\/ilan.tavsanli.bel.tr\/index.php\/wp-json\/wp\/v2\/types\/post"}],"author":[{"embeddable":true,"href":"http:\/\/ilan.tavsanli.bel.tr\/index.php\/wp-json\/wp\/v2\/users\/7"}],"replies":[{"embeddable":true,"href":"http:\/\/ilan.tavsanli.bel.tr\/index.php\/wp-json\/wp\/v2\/comments?post=7409"}],"version-history":[{"count":1,"href":"http:\/\/ilan.tavsanli.bel.tr\/index.php\/wp-json\/wp\/v2\/posts\/7409\/revisions"}],"predecessor-version":[{"id":7410,"href":"http:\/\/ilan.tavsanli.bel.tr\/index.php\/wp-json\/wp\/v2\/posts\/7409\/revisions\/7410"}],"wp:attachment":[{"href":"http:\/\/ilan.tavsanli.bel.tr\/index.php\/wp-json\/wp\/v2\/media?parent=7409"}],"wp:term":[{"taxonomy":"category","embeddable":true,"href":"http:\/\/ilan.tavsanli.bel.tr\/index.php\/wp-json\/wp\/v2\/categories?post=7409"},{"taxonomy":"post_tag","embeddable":true,"href":"http:\/\/ilan.tavsanli.bel.tr\/index.php\/wp-json\/wp\/v2\/tags?post=7409"}],"curies":[{"name":"wp","href":"https:\/\/api.w.org\/{rel}","templated":true}]}}