{"id":7402,"date":"2024-10-23T08:07:50","date_gmt":"2024-10-23T08:07:50","guid":{"rendered":"http:\/\/ilan.tavsanli.bel.tr\/?p=7402"},"modified":"2024-10-23T08:07:50","modified_gmt":"2024-10-23T08:07:50","slug":"7402","status":"publish","type":"post","link":"http:\/\/ilan.tavsanli.bel.tr\/index.php\/2024\/10\/23\/7402\/","title":{"rendered":""},"content":{"rendered":"<p><strong>Erikli k\u00f6y\u00fc k\u0131z\u0131l orman mahallesinden merhum Han\u0131m \u00d6zkul\u2019un e\u015fi, S\u00fcleyman Yoku\u015f\u2019un karde\u015fi, \u00dcmm\u00fc, Fadime ve \u015eehri \u00d6zkul\u2019un babalar\u0131, Ahmet Yoku\u015f, S\u00fcleyman \u00d6zkaya ve \u0130smail Yoku\u015f\u2019un kay\u0131npederi, HASAN H\u00dcSEY\u0130N \u00d6ZKUL vefat etmi\u015ftir. Cenazesi \u00f6\u011fle namaz\u0131n\u0131 m\u00fcteakip erikli k\u00f6y\u00fc mezarl\u0131\u011f\u0131na defnedilecektir. Merhuma Allah\u2019tan rahmet ailesine ve yak\u0131nlar\u0131na ba\u015fsa\u011fl\u0131\u011f\u0131 dileriz.<\/strong><\/p>\n","protected":false},"excerpt":{"rendered":"<p>Erikli k\u00f6y\u00fc k\u0131z\u0131l orman mahallesinden merhum Han\u0131m \u00d6zkul\u2019un e\u015fi, S\u00fcleyman Yoku\u015f\u2019un karde\u015fi, \u00dcmm\u00fc, Fadime ve \u015eehri \u00d6zkul\u2019un babalar\u0131, Ahmet Yoku\u015f, S\u00fcleyman \u00d6zkaya ve \u0130smail Yoku\u015f\u2019un kay\u0131npederi, HASAN H\u00dcSEY\u0130N \u00d6ZKUL vefat etmi\u015ftir. Cenazesi \u00f6\u011fle namaz\u0131n\u0131 m\u00fcteakip erikli k\u00f6y\u00fc mezarl\u0131\u011f\u0131na defnedilecektir. Merhuma Allah\u2019tan rahmet ailesine ve yak\u0131nlar\u0131na ba\u015fsa\u011fl\u0131\u011f\u0131 dileriz.<\/p>\n","protected":false},"author":7,"featured_media":0,"comment_status":"closed","ping_status":"closed","sticky":false,"template":"","format":"standard","meta":[],"categories":[2],"tags":[],"_links":{"self":[{"href":"http:\/\/ilan.tavsanli.bel.tr\/index.php\/wp-json\/wp\/v2\/posts\/7402"}],"collection":[{"href":"http:\/\/ilan.tavsanli.bel.tr\/index.php\/wp-json\/wp\/v2\/posts"}],"about":[{"href":"http:\/\/ilan.tavsanli.bel.tr\/index.php\/wp-json\/wp\/v2\/types\/post"}],"author":[{"embeddable":true,"href":"http:\/\/ilan.tavsanli.bel.tr\/index.php\/wp-json\/wp\/v2\/users\/7"}],"replies":[{"embeddable":true,"href":"http:\/\/ilan.tavsanli.bel.tr\/index.php\/wp-json\/wp\/v2\/comments?post=7402"}],"version-history":[{"count":1,"href":"http:\/\/ilan.tavsanli.bel.tr\/index.php\/wp-json\/wp\/v2\/posts\/7402\/revisions"}],"predecessor-version":[{"id":7403,"href":"http:\/\/ilan.tavsanli.bel.tr\/index.php\/wp-json\/wp\/v2\/posts\/7402\/revisions\/7403"}],"wp:attachment":[{"href":"http:\/\/ilan.tavsanli.bel.tr\/index.php\/wp-json\/wp\/v2\/media?parent=7402"}],"wp:term":[{"taxonomy":"category","embeddable":true,"href":"http:\/\/ilan.tavsanli.bel.tr\/index.php\/wp-json\/wp\/v2\/categories?post=7402"},{"taxonomy":"post_tag","embeddable":true,"href":"http:\/\/ilan.tavsanli.bel.tr\/index.php\/wp-json\/wp\/v2\/tags?post=7402"}],"curies":[{"name":"wp","href":"https:\/\/api.w.org\/{rel}","templated":true}]}}