{"id":7396,"date":"2024-10-22T08:24:22","date_gmt":"2024-10-22T08:24:22","guid":{"rendered":"http:\/\/ilan.tavsanli.bel.tr\/?p=7396"},"modified":"2024-10-22T08:24:22","modified_gmt":"2024-10-22T08:24:22","slug":"7396","status":"publish","type":"post","link":"http:\/\/ilan.tavsanli.bel.tr\/index.php\/2024\/10\/22\/7396\/","title":{"rendered":""},"content":{"rendered":"<p><strong>\u015eapc\u0131 k\u00f6y\u00fcnden merhum canbaz Emin Gen\u00e7\u2019in e\u015fi, Hacer Altun, Ay\u015fe Baytar ve Ahmet Gen\u00e7\u2019in anneleri, FATMA GEN\u00c7 vefat etmi\u015ftir. Cenazesi \u00f6\u011fle namaz\u0131n\u0131 m\u00fcteakip \u015fapc\u0131 k\u00f6y\u00fc mezarl\u0131\u011f\u0131na defnedilecektir. Merhumeye Allah\u2019tan rahmet ailesine ve yak\u0131nlar\u0131na ba\u015fsa\u011fl\u0131\u011f\u0131 dileriz.<\/strong><\/p>\n","protected":false},"excerpt":{"rendered":"<p>\u015eapc\u0131 k\u00f6y\u00fcnden merhum canbaz Emin Gen\u00e7\u2019in e\u015fi, Hacer Altun, Ay\u015fe Baytar ve Ahmet Gen\u00e7\u2019in anneleri, FATMA GEN\u00c7 vefat etmi\u015ftir. Cenazesi \u00f6\u011fle namaz\u0131n\u0131 m\u00fcteakip \u015fapc\u0131 k\u00f6y\u00fc mezarl\u0131\u011f\u0131na defnedilecektir. Merhumeye Allah\u2019tan rahmet ailesine ve yak\u0131nlar\u0131na ba\u015fsa\u011fl\u0131\u011f\u0131 dileriz.<\/p>\n","protected":false},"author":7,"featured_media":0,"comment_status":"closed","ping_status":"closed","sticky":false,"template":"","format":"standard","meta":[],"categories":[2],"tags":[],"_links":{"self":[{"href":"http:\/\/ilan.tavsanli.bel.tr\/index.php\/wp-json\/wp\/v2\/posts\/7396"}],"collection":[{"href":"http:\/\/ilan.tavsanli.bel.tr\/index.php\/wp-json\/wp\/v2\/posts"}],"about":[{"href":"http:\/\/ilan.tavsanli.bel.tr\/index.php\/wp-json\/wp\/v2\/types\/post"}],"author":[{"embeddable":true,"href":"http:\/\/ilan.tavsanli.bel.tr\/index.php\/wp-json\/wp\/v2\/users\/7"}],"replies":[{"embeddable":true,"href":"http:\/\/ilan.tavsanli.bel.tr\/index.php\/wp-json\/wp\/v2\/comments?post=7396"}],"version-history":[{"count":1,"href":"http:\/\/ilan.tavsanli.bel.tr\/index.php\/wp-json\/wp\/v2\/posts\/7396\/revisions"}],"predecessor-version":[{"id":7397,"href":"http:\/\/ilan.tavsanli.bel.tr\/index.php\/wp-json\/wp\/v2\/posts\/7396\/revisions\/7397"}],"wp:attachment":[{"href":"http:\/\/ilan.tavsanli.bel.tr\/index.php\/wp-json\/wp\/v2\/media?parent=7396"}],"wp:term":[{"taxonomy":"category","embeddable":true,"href":"http:\/\/ilan.tavsanli.bel.tr\/index.php\/wp-json\/wp\/v2\/categories?post=7396"},{"taxonomy":"post_tag","embeddable":true,"href":"http:\/\/ilan.tavsanli.bel.tr\/index.php\/wp-json\/wp\/v2\/tags?post=7396"}],"curies":[{"name":"wp","href":"https:\/\/api.w.org\/{rel}","templated":true}]}}